{"id":12070,"date":"2025-12-11T16:59:41","date_gmt":"2025-12-11T19:59:41","guid":{"rendered":"https:\/\/canela.rs.gov.br\/sitenovo\/?p=12070"},"modified":"2025-12-15T13:28:08","modified_gmt":"2025-12-15T16:28:08","slug":"producao-de-flores-embeleza-e-promove-integracao-com-o-meio-ambiente-na-escola-santos-dumont","status":"publish","type":"post","link":"https:\/\/canela.rs.gov.br\/sitenovo\/producao-de-flores-embeleza-e-promove-integracao-com-o-meio-ambiente-na-escola-santos-dumont\/","title":{"rendered":"Produ\u00e7\u00e3o de flores embeleza e promove integra\u00e7\u00e3o com o meio ambiente na Escola Santos Dumont"},"content":{"rendered":"\n<p>A produ\u00e7\u00e3o de flores ornamentais desenvolvida na Escola Municipal de Educa\u00e7\u00e3o Infantil e Ensino Fundamental Santos Dumont, na localidade do Chapad\u00e3o, em Canela, tem se destacado como uma importante iniciativa de educa\u00e7\u00e3o ambiental e integra\u00e7\u00e3o dos alunos com a natureza. Al\u00e9m da tradicional horta mantida pela comunidade escolar, a planta\u00e7\u00e3o de flores no p\u00e1tio do educand\u00e1rio torna o ambiente mais acolhedor e agrad\u00e1vel para todos.<br>De acordo com a diretora Maristela de Oliveira, o projeto de cultivo de flores, iniciado em 1999, tornou-se uma das principais a\u00e7\u00f5es da Escola. A iniciativa \u00e9 coordenada pelo professor Dari Luiz Bedin e conta com o envolvimento de alunos, servidores e demais integrantes da comunidade. A esp\u00e9cie cultivada \u00e9 a est\u00e1tice, cujo nome deriva do grego statice, que significa \u201cpermanente\u201d ou \u201cest\u00e1tico\u201d \u2014 uma refer\u00eancia \u00e0 durabilidade da planta, cujas flores podem ser mantidas secas por longos per\u00edodos sem perder a beleza.<br>At\u00e9 o final deste ano, a previs\u00e3o \u00e9 de produzir 1.200 buqu\u00eas. At\u00e9 o momento, cerca de 900 unidades j\u00e1 foram comercializadas, com valor m\u00e9dio de R$ 20,00. A arrecada\u00e7\u00e3o \u00e9 administrada pelo C\u00edrculo de Pais e Mestres (CPM) e revertida em materiais pedag\u00f3gicos e melhorias na infraestrutura da institui\u00e7\u00e3o.<br>Paralelamente, o Projeto de Horta Escolar tamb\u00e9m segue em desenvolvimento cont\u00ednuo, com o cultivo de diversas variedades de verduras e a participa\u00e7\u00e3o ativa de estudantes e professores.<\/p>\n\n\n\n<p><strong>SOBRE O PROJETO<\/strong><br>As atividades t\u00eam in\u00edcio em mar\u00e7o, com o plantio das sementes em bandejas. Em maio, as mudas s\u00e3o transplantadas para o solo. A colheita das flores ocorre a partir de setembro, quando os buqu\u00eas s\u00e3o montados e posteriormente comercializados na comunidade escolar e em estabelecimentos parceiros.<\/p>\n\n\n\n<figure class=\"wp-block-image size-large\"><img fetchpriority=\"high\" decoding=\"async\" width=\"1024\" height=\"682\" src=\"https:\/\/canela.rs.gov.br\/sitenovo\/wp-content\/uploads\/2025\/12\/WhatsApp-Image-2025-12-08-at-11.31.27-3-1024x682.jpeg\" alt=\"\" class=\"wp-image-12072\" srcset=\"https:\/\/canela.rs.gov.br\/sitenovo\/wp-content\/uploads\/2025\/12\/WhatsApp-Image-2025-12-08-at-11.31.27-3-1024x682.jpeg 1024w, https:\/\/canela.rs.gov.br\/sitenovo\/wp-content\/uploads\/2025\/12\/WhatsApp-Image-2025-12-08-at-11.31.27-3-300x200.jpeg 300w, https:\/\/canela.rs.gov.br\/sitenovo\/wp-content\/uploads\/2025\/12\/WhatsApp-Image-2025-12-08-at-11.31.27-3-768x512.jpeg 768w, https:\/\/canela.rs.gov.br\/sitenovo\/wp-content\/uploads\/2025\/12\/WhatsApp-Image-2025-12-08-at-11.31.27-3-1536x1024.jpeg 1536w, https:\/\/canela.rs.gov.br\/sitenovo\/wp-content\/uploads\/2025\/12\/WhatsApp-Image-2025-12-08-at-11.31.27-3.jpeg 2000w\" sizes=\"(max-width: 1024px) 100vw, 1024px\" \/><\/figure>\n","protected":false},"excerpt":{"rendered":"<p>A produ\u00e7\u00e3o de flores ornamentais desenvolvida na Escola Municipal de Educa\u00e7\u00e3o Infantil e Ensino Fundamental Santos Dumont, na localidade do Chapad\u00e3o, em Canela, tem se destacado como uma importante iniciativa de educa\u00e7\u00e3o ambiental e integra\u00e7\u00e3o dos alunos com a natureza. Al\u00e9m da tradicional horta mantida pela comunidade escolar, a planta\u00e7\u00e3o de flores no p\u00e1tio do [&hellip;]<\/p>\n","protected":false},"author":3,"featured_media":12071,"comment_status":"open","ping_status":"open","sticky":false,"template":"","format":"standard","meta":{"footnotes":""},"categories":[45,164],"tags":[],"class_list":["post-12070","post","type-post","status-publish","format-standard","has-post-thumbnail","hentry","category-post_educacao","category-destaque"],"_links":{"self":[{"href":"https:\/\/canela.rs.gov.br\/sitenovo\/wp-json\/wp\/v2\/posts\/12070","targetHints":{"allow":["GET"]}}],"collection":[{"href":"https:\/\/canela.rs.gov.br\/sitenovo\/wp-json\/wp\/v2\/posts"}],"about":[{"href":"https:\/\/canela.rs.gov.br\/sitenovo\/wp-json\/wp\/v2\/types\/post"}],"author":[{"embeddable":true,"href":"https:\/\/canela.rs.gov.br\/sitenovo\/wp-json\/wp\/v2\/users\/3"}],"replies":[{"embeddable":true,"href":"https:\/\/canela.rs.gov.br\/sitenovo\/wp-json\/wp\/v2\/comments?post=12070"}],"version-history":[{"count":1,"href":"https:\/\/canela.rs.gov.br\/sitenovo\/wp-json\/wp\/v2\/posts\/12070\/revisions"}],"predecessor-version":[{"id":12073,"href":"https:\/\/canela.rs.gov.br\/sitenovo\/wp-json\/wp\/v2\/posts\/12070\/revisions\/12073"}],"wp:featuredmedia":[{"embeddable":true,"href":"https:\/\/canela.rs.gov.br\/sitenovo\/wp-json\/wp\/v2\/media\/12071"}],"wp:attachment":[{"href":"https:\/\/canela.rs.gov.br\/sitenovo\/wp-json\/wp\/v2\/media?parent=12070"}],"wp:term":[{"taxonomy":"category","embeddable":true,"href":"https:\/\/canela.rs.gov.br\/sitenovo\/wp-json\/wp\/v2\/categories?post=12070"},{"taxonomy":"post_tag","embeddable":true,"href":"https:\/\/canela.rs.gov.br\/sitenovo\/wp-json\/wp\/v2\/tags?post=12070"}],"curies":[{"name":"wp","href":"https:\/\/api.w.org\/{rel}","templated":true}]}}