{"id":12056,"date":"2025-12-11T14:53:09","date_gmt":"2025-12-11T17:53:09","guid":{"rendered":"https:\/\/canela.rs.gov.br\/sitenovo\/?p=12056"},"modified":"2025-12-11T14:54:34","modified_gmt":"2025-12-11T17:54:34","slug":"profissionais-de-educacao-inclusiva-de-canela-participam-de-capacitacao-do-teacolhe","status":"publish","type":"post","link":"https:\/\/canela.rs.gov.br\/sitenovo\/profissionais-de-educacao-inclusiva-de-canela-participam-de-capacitacao-do-teacolhe\/","title":{"rendered":"Profissionais de Educa\u00e7\u00e3o Inclusiva de Canela participam de capacita\u00e7\u00e3o do\u00a0TEAcolhe"},"content":{"rendered":"\n<p>Na manh\u00e3 desta quarta-feira, dia 10, o Centro de Aten\u00e7\u00e3o e Desenvolvimento Integral ao Estudante (Cadie) sediou uma a\u00e7\u00e3o de educa\u00e7\u00e3o permanente promovida pela Coordena\u00e7\u00e3o de Educa\u00e7\u00e3o Especial Inclusiva da Secretaria de Educa\u00e7\u00e3o, Esporte e Lazer de Canela, em parceria com o Centro Macrorregional de Refer\u00eancia (CMR) TEAcolhe Gramado. A atividade foi voltada aos profissionais de Educa\u00e7\u00e3o Especial Inclusiva da rede municipal de Canela.<br>Conforme a coordenadora da Educa\u00e7\u00e3o Especial Inclusiva, Alexandra Renck, o encontro teve como objetivo debater e compreender o novo decreto, sanando d\u00favidas relacionadas ao seu conte\u00fado, al\u00e9m de promover a troca de ideias e experi\u00eancias na \u00e1rea de Educa\u00e7\u00e3o Inclusiva.<\/p>\n\n\n\n<p><strong>Sobre o programa<\/strong><\/p>\n\n\n\n<p>O Programa TEAcolhe RS \u00e9 uma iniciativa da Secretaria Estadual da Sa\u00fade que busca implementar a Lei Estadual n\u00ba 15.322\/2019, a qual institui a Pol\u00edtica de Atendimento Integrado \u00e0 Pessoa com Transtorno do Espectro do Autismo no Rio Grande do Sul. A legisla\u00e7\u00e3o visa garantir e promover o atendimento \u00e0s necessidades espec\u00edficas das pessoas com autismo, estimulando o desenvolvimento pessoal, a inclus\u00e3o social, a cidadania e o apoio \u00e0s fam\u00edlias.<\/p>\n\n\n\n<p><br><\/p>\n","protected":false},"excerpt":{"rendered":"<p>Na manh\u00e3 desta quarta-feira, dia 10, o Centro de Aten\u00e7\u00e3o e Desenvolvimento Integral ao Estudante (Cadie) sediou uma a\u00e7\u00e3o de educa\u00e7\u00e3o permanente promovida pela Coordena\u00e7\u00e3o de Educa\u00e7\u00e3o Especial Inclusiva da Secretaria de Educa\u00e7\u00e3o, Esporte e Lazer de Canela, em parceria com o Centro Macrorregional de Refer\u00eancia (CMR) TEAcolhe Gramado. A atividade foi voltada aos profissionais [&hellip;]<\/p>\n","protected":false},"author":3,"featured_media":12057,"comment_status":"open","ping_status":"open","sticky":false,"template":"","format":"standard","meta":{"footnotes":""},"categories":[45],"tags":[],"class_list":["post-12056","post","type-post","status-publish","format-standard","has-post-thumbnail","hentry","category-post_educacao"],"_links":{"self":[{"href":"https:\/\/canela.rs.gov.br\/sitenovo\/wp-json\/wp\/v2\/posts\/12056","targetHints":{"allow":["GET"]}}],"collection":[{"href":"https:\/\/canela.rs.gov.br\/sitenovo\/wp-json\/wp\/v2\/posts"}],"about":[{"href":"https:\/\/canela.rs.gov.br\/sitenovo\/wp-json\/wp\/v2\/types\/post"}],"author":[{"embeddable":true,"href":"https:\/\/canela.rs.gov.br\/sitenovo\/wp-json\/wp\/v2\/users\/3"}],"replies":[{"embeddable":true,"href":"https:\/\/canela.rs.gov.br\/sitenovo\/wp-json\/wp\/v2\/comments?post=12056"}],"version-history":[{"count":2,"href":"https:\/\/canela.rs.gov.br\/sitenovo\/wp-json\/wp\/v2\/posts\/12056\/revisions"}],"predecessor-version":[{"id":12059,"href":"https:\/\/canela.rs.gov.br\/sitenovo\/wp-json\/wp\/v2\/posts\/12056\/revisions\/12059"}],"wp:featuredmedia":[{"embeddable":true,"href":"https:\/\/canela.rs.gov.br\/sitenovo\/wp-json\/wp\/v2\/media\/12057"}],"wp:attachment":[{"href":"https:\/\/canela.rs.gov.br\/sitenovo\/wp-json\/wp\/v2\/media?parent=12056"}],"wp:term":[{"taxonomy":"category","embeddable":true,"href":"https:\/\/canela.rs.gov.br\/sitenovo\/wp-json\/wp\/v2\/categories?post=12056"},{"taxonomy":"post_tag","embeddable":true,"href":"https:\/\/canela.rs.gov.br\/sitenovo\/wp-json\/wp\/v2\/tags?post=12056"}],"curies":[{"name":"wp","href":"https:\/\/api.w.org\/{rel}","templated":true}]}}