{"id":12051,"date":"2025-12-11T14:00:46","date_gmt":"2025-12-11T17:00:46","guid":{"rendered":"https:\/\/canela.rs.gov.br\/sitenovo\/?p=12051"},"modified":"2026-01-21T16:17:45","modified_gmt":"2026-01-21T19:17:45","slug":"ano-letivo-nas-escolas-municipais-de-canela-encerra-na-proxima-semana-aulas-retornam-em-fevereiro-de-2026","status":"publish","type":"post","link":"https:\/\/canela.rs.gov.br\/sitenovo\/ano-letivo-nas-escolas-municipais-de-canela-encerra-na-proxima-semana-aulas-retornam-em-fevereiro-de-2026\/","title":{"rendered":"Ano letivo nas escolas municipais de Canela encerra na pr\u00f3xima semana; aulas retornam em fevereiro de 2026"},"content":{"rendered":"\n<p>Depois de um ano letivo de bastante trabalho, aprendizado e melhorias nos ambientes escolares, na pr\u00f3xima semana as escolas municipais encerram as aulas. De acordo com a Secretaria de Educa\u00e7\u00e3o, Esporte e Lazer de Canela, a educa\u00e7\u00e3o infantil ter\u00e1 o \u00faltimo dia de atividades em 17 de dezembro, enquanto o ensino fundamental conclui o ano no dia 18.<br>Conforme o planejamento, o per\u00edodo de recesso da educa\u00e7\u00e3o infantil ser\u00e1 de 18 de dezembro at\u00e9 9 de fevereiro, com as aulas retornando no dia 10. O ensino fundamental ter\u00e1 f\u00e9rias do dia 19 deste m\u00eas at\u00e9 18 de fevereiro, com volta \u00e0s escolas no dia 19. A organiza\u00e7\u00e3o considera a obrigatoriedade estabelecida pelo Minist\u00e9rio da Educa\u00e7\u00e3o (MEC) de atender os 200 dias letivos previstos no calend\u00e1rio nacional.<br>Na Secretaria de Educa\u00e7\u00e3o, haver\u00e1 recesso tamb\u00e9m na parte administrativa, seguindo o indicado pelo Decreto Municipal n\u00ba 10.937. O atendimento estar\u00e1 suspenso de 24 de dezembro at\u00e9 4 de janeiro, retornando em hor\u00e1rio normal no dia 5.<br>Caso a comunidade escolar tenha d\u00favida ou precise de algum esclarecimento, poder\u00e1 entrar em contato pelo telefone (54) 3282-5150. A Secretaria de Educa\u00e7\u00e3o fica localizada na rua Borges de Medeiros, 926.<\/p>\n\n\n\n<p><strong>Inscri\u00e7\u00f5es, matr\u00edculas e rematr\u00edculas<\/strong><\/p>\n\n\n\n<p>Em rela\u00e7\u00e3o ao per\u00edodo de matr\u00edculas e rematr\u00edculas para a educa\u00e7\u00e3o infantil e o ensino fundamental, o Munic\u00edpio alerta que os prazos encerraram em 28 de novembro. Aqueles que n\u00e3o conseguiram realizar suas solicita\u00e7\u00f5es at\u00e9 essa data, poder\u00e3o faz\u00ea-las a partir de 2 de fevereiro do pr\u00f3ximo ano, quando abre novo per\u00edodo.<br>Desde o dia 8 de dezembro as inscri\u00e7\u00f5es de novos alunos e transfer\u00eancias est\u00e3o suspensas, devido \u00e0 migra\u00e7\u00e3o dos inscritos de 2025 para 2026 e atualiza\u00e7\u00e3o das vagas dispon\u00edveis para o pr\u00f3ximo ano letivo. O sistema da Central de Vagas ficar\u00e1 fechado at\u00e9 30 de janeiro.<\/p>\n\n\n\n<p>Texto: Adriana Rabassa\/Prefeitura de Canela<br><\/p>\n","protected":false},"excerpt":{"rendered":"<p>Depois de um ano letivo de bastante trabalho, aprendizado e melhorias nos ambientes escolares, na pr\u00f3xima semana as escolas municipais encerram as aulas. De acordo com a Secretaria de Educa\u00e7\u00e3o, Esporte e Lazer de Canela, a educa\u00e7\u00e3o infantil ter\u00e1 o \u00faltimo dia de atividades em 17 de dezembro, enquanto o ensino fundamental conclui o ano [&hellip;]<\/p>\n","protected":false},"author":3,"featured_media":12052,"comment_status":"open","ping_status":"open","sticky":false,"template":"","format":"standard","meta":{"footnotes":""},"categories":[45],"tags":[],"class_list":["post-12051","post","type-post","status-publish","format-standard","has-post-thumbnail","hentry","category-post_educacao"],"_links":{"self":[{"href":"https:\/\/canela.rs.gov.br\/sitenovo\/wp-json\/wp\/v2\/posts\/12051","targetHints":{"allow":["GET"]}}],"collection":[{"href":"https:\/\/canela.rs.gov.br\/sitenovo\/wp-json\/wp\/v2\/posts"}],"about":[{"href":"https:\/\/canela.rs.gov.br\/sitenovo\/wp-json\/wp\/v2\/types\/post"}],"author":[{"embeddable":true,"href":"https:\/\/canela.rs.gov.br\/sitenovo\/wp-json\/wp\/v2\/users\/3"}],"replies":[{"embeddable":true,"href":"https:\/\/canela.rs.gov.br\/sitenovo\/wp-json\/wp\/v2\/comments?post=12051"}],"version-history":[{"count":2,"href":"https:\/\/canela.rs.gov.br\/sitenovo\/wp-json\/wp\/v2\/posts\/12051\/revisions"}],"predecessor-version":[{"id":12468,"href":"https:\/\/canela.rs.gov.br\/sitenovo\/wp-json\/wp\/v2\/posts\/12051\/revisions\/12468"}],"wp:featuredmedia":[{"embeddable":true,"href":"https:\/\/canela.rs.gov.br\/sitenovo\/wp-json\/wp\/v2\/media\/12052"}],"wp:attachment":[{"href":"https:\/\/canela.rs.gov.br\/sitenovo\/wp-json\/wp\/v2\/media?parent=12051"}],"wp:term":[{"taxonomy":"category","embeddable":true,"href":"https:\/\/canela.rs.gov.br\/sitenovo\/wp-json\/wp\/v2\/categories?post=12051"},{"taxonomy":"post_tag","embeddable":true,"href":"https:\/\/canela.rs.gov.br\/sitenovo\/wp-json\/wp\/v2\/tags?post=12051"}],"curies":[{"name":"wp","href":"https:\/\/api.w.org\/{rel}","templated":true}]}}