{"id":12035,"date":"2025-12-10T15:08:36","date_gmt":"2025-12-10T18:08:36","guid":{"rendered":"https:\/\/canela.rs.gov.br\/sitenovo\/?p=12035"},"modified":"2025-12-10T15:08:37","modified_gmt":"2025-12-10T18:08:37","slug":"pacientes-do-caps-participam-de-oficina-de-panetone-na-ucs","status":"publish","type":"post","link":"https:\/\/canela.rs.gov.br\/sitenovo\/pacientes-do-caps-participam-de-oficina-de-panetone-na-ucs\/","title":{"rendered":"Pacientes do Caps participam de oficina de Panetone na UCS"},"content":{"rendered":"\n<p>Na semana passada, nove pacientes do Centro de Aten\u00e7\u00e3o Psicossocial (Caps) participaram de uma Oficina de Panetone promovida pelo curso de Gastronomia da Universidade de Caxias do Sul (UCS). A atividade foi realizada no N\u00facleo Universit\u00e1rio da UCS em Canela.<\/p>\n\n\n\n<p>A oficina foi conduzida pelo professor Gilvan Bertinati, do curso de Gastronomia, que apresentou aos participantes a receita e as t\u00e9cnicas de preparo da tradicional iguaria natalina.<\/p>\n\n\n\n<p>Para a coordenadora do Caps, Janine Palodetti, a iniciativa representou um importante momento de aprendizado e inclus\u00e3o. \u201cQueremos agradecer a parceria da UCS, que proporcionou aos pacientes da Sa\u00fade Mental maior inser\u00e7\u00e3o e pertencimento aos espa\u00e7os p\u00fablicos. Foi uma experi\u00eancia maravilhosa e enriquecedora para todos\u201d, destacou.<\/p>\n\n\n\n<p><strong>Confraterniza\u00e7\u00e3o de final de ano<\/strong><\/p>\n\n\n\n<p>A confraterniza\u00e7\u00e3o de final de ano dos pacientes do Caps e seus familiares acontecer\u00e1 no dia 19 de dezembro, \u00e0s 14h, no Cidica. O encontro contar\u00e1 com apresenta\u00e7\u00f5es art\u00edsticas dos usu\u00e1rios e momentos de integra\u00e7\u00e3o.<\/p>\n\n\n\n<p><\/p>\n","protected":false},"excerpt":{"rendered":"<p>Na semana passada, nove pacientes do Centro de Aten\u00e7\u00e3o Psicossocial (Caps) participaram de uma Oficina de Panetone promovida pelo curso de Gastronomia da Universidade de Caxias do Sul (UCS). A atividade foi realizada no N\u00facleo Universit\u00e1rio da UCS em Canela. A oficina foi conduzida pelo professor Gilvan Bertinati, do curso de Gastronomia, que apresentou aos [&hellip;]<\/p>\n","protected":false},"author":3,"featured_media":12036,"comment_status":"open","ping_status":"open","sticky":false,"template":"","format":"standard","meta":{"footnotes":""},"categories":[144],"tags":[],"class_list":["post-12035","post","type-post","status-publish","format-standard","has-post-thumbnail","hentry","category-saude"],"_links":{"self":[{"href":"https:\/\/canela.rs.gov.br\/sitenovo\/wp-json\/wp\/v2\/posts\/12035","targetHints":{"allow":["GET"]}}],"collection":[{"href":"https:\/\/canela.rs.gov.br\/sitenovo\/wp-json\/wp\/v2\/posts"}],"about":[{"href":"https:\/\/canela.rs.gov.br\/sitenovo\/wp-json\/wp\/v2\/types\/post"}],"author":[{"embeddable":true,"href":"https:\/\/canela.rs.gov.br\/sitenovo\/wp-json\/wp\/v2\/users\/3"}],"replies":[{"embeddable":true,"href":"https:\/\/canela.rs.gov.br\/sitenovo\/wp-json\/wp\/v2\/comments?post=12035"}],"version-history":[{"count":1,"href":"https:\/\/canela.rs.gov.br\/sitenovo\/wp-json\/wp\/v2\/posts\/12035\/revisions"}],"predecessor-version":[{"id":12037,"href":"https:\/\/canela.rs.gov.br\/sitenovo\/wp-json\/wp\/v2\/posts\/12035\/revisions\/12037"}],"wp:featuredmedia":[{"embeddable":true,"href":"https:\/\/canela.rs.gov.br\/sitenovo\/wp-json\/wp\/v2\/media\/12036"}],"wp:attachment":[{"href":"https:\/\/canela.rs.gov.br\/sitenovo\/wp-json\/wp\/v2\/media?parent=12035"}],"wp:term":[{"taxonomy":"category","embeddable":true,"href":"https:\/\/canela.rs.gov.br\/sitenovo\/wp-json\/wp\/v2\/categories?post=12035"},{"taxonomy":"post_tag","embeddable":true,"href":"https:\/\/canela.rs.gov.br\/sitenovo\/wp-json\/wp\/v2\/tags?post=12035"}],"curies":[{"name":"wp","href":"https:\/\/api.w.org\/{rel}","templated":true}]}}