{"id":11947,"date":"2025-12-05T14:35:58","date_gmt":"2025-12-05T17:35:58","guid":{"rendered":"https:\/\/canela.rs.gov.br\/sitenovo\/?p=11947"},"modified":"2026-01-21T16:18:36","modified_gmt":"2026-01-21T19:18:36","slug":"dezembro-vermelho-canela-se-mobiliza-pela-prevencao-contra-a-aids-hiv","status":"publish","type":"post","link":"https:\/\/canela.rs.gov.br\/sitenovo\/dezembro-vermelho-canela-se-mobiliza-pela-prevencao-contra-a-aids-hiv\/","title":{"rendered":"Dezembro Vermelho: Canela se mobiliza pela preven\u00e7\u00e3o contra a Aids\/HIV"},"content":{"rendered":"\n<p><strong><br><\/strong>H\u00e1 pouco mais de 30 anos, um diagn\u00f3stico de Aids\/HIV era uma senten\u00e7a de morte, pois pouco se sabia sobre a doen\u00e7a e o v\u00edrus. Hoje, as pessoas que convivem com a enfermidade levam uma vida normal, desde que sigam o tratamento orientado pelos profissionais que fazem seu acompanhamento. Em Canela, o Centro Regionalizado de Aten\u00e7\u00e3o Integral e Preven\u00e7\u00e3o \u00e0s Infec\u00e7\u00f5es Sexualmente Transmiss\u00edveis (Craip) oferece esse suporte aos pacientes h\u00e1 dez anos, com realiza\u00e7\u00e3o de testes r\u00e1pidos, distribui\u00e7\u00e3o de preservativos e agendamento de consultas com m\u00e9dicos, enfermeiros, assistentes sociais e psic\u00f3logos.<br>No Brasil, de acordo com dados do Minist\u00e9rio da Sa\u00fade, cerca de 960 mil pessoas vivem com HIV e 40 mil casos novos s\u00e3o descobertos a cada ano. Na Regi\u00e3o das Hort\u00eansias, 574 pessoas t\u00eam esse diagn\u00f3stico. A coordenadora do Craip, Caline Andrade, destaca que o Centro de Aten\u00e7\u00e3o de Canela atende n\u00e3o s\u00f3 os canelenses, como tamb\u00e9m recebe p\u00fablico das cidades de Gramado, Linha Nova, Picada Caf\u00e9 e Nova Petr\u00f3polis, funcionando de segunda a sexta-feira, das 7h30 \u00e0s 12h e das 13h \u00e0s 16h30, na Rua Jo\u00e3o Pessoa, 104, Centro do munic\u00edpio.<\/p>\n\n\n\n<p><strong>Preven\u00e7\u00e3o ao HIV\/Aids<br><\/strong><br>Al\u00e9m de ser o ponto de acompanhamento e apoio dos pacientes soropositivos, o Craip tamb\u00e9m promove palestras e eventos, com a finalidade de divulgar o v\u00edrus HIV e a doen\u00e7a Aids, e tamb\u00e9m realiza encontros com os servi\u00e7os de sa\u00fade da regi\u00e3o para discutir tratamentos e formas de preven\u00e7\u00e3o.<br>Nesta quinta-feira, dia 4, por exemplo, a equipe do Centro Regionalizado de Canela se reuniu com profissionais de sa\u00fade da Prefeitura de Gramado para tratar sobre a campanha Dezembro Vermelho. Al\u00e9m disso, a Catedral de Pedra estar\u00e1 iluminada em vermelho at\u00e9 o final do m\u00eas, em refer\u00eancia \u00e0 preven\u00e7\u00e3o contra a Aids\/HIV.<br>Entre as estrat\u00e9gias preventivas conhecidas est\u00e1 o uso de preservativo em toda a rela\u00e7\u00e3o sexual, o n\u00e3o compartilhamento de seringas no uso de drogas injet\u00e1veis, a profilaxia pr\u00e9-exposi\u00e7\u00e3o (PREP) e a profilaxia p\u00f3s-exposi\u00e7\u00e3o (PEP).<br>A coordenadora Caline explica que basicamente a PREP consiste no uso di\u00e1rio ou sob demanda de medicamentos antirretrovirais pelas pessoas soronegativas que t\u00eam maior risco de exposi\u00e7\u00e3o ao v\u00edrus. J\u00e1 a PEP trata-se de uma medida de emerg\u00eancia em que o indiv\u00edduo utiliza a medica\u00e7\u00e3o para prevenir a infec\u00e7\u00e3o ap\u00f3s uma situa\u00e7\u00e3o de risco.<br>Testagens frequentes para as pessoas com vida sexual ativa, a fim de diagnosticar o HIV e iniciar o tratamento o mais cedo poss\u00edvel, tamb\u00e9m est\u00e3o entre as orienta\u00e7\u00f5es recomendadas pelo Craip. \u201cDessa forma, haver\u00e1 menor possibilidade de desenvolver as chamadas doen\u00e7as oportunistas, como a tuberculose, por exemplo\u201d, refor\u00e7a a coordenadora do servi\u00e7o.<br>A Prefeitura de Canela, a qual o Craip \u00e9 ligado por meio da Secretaria de Sa\u00fade, refor\u00e7a que todas as Unidades B\u00e1sicas de Sa\u00fade (UBS) da cidade, al\u00e9m do Hospital de Caridade de Canela, realizam testagem r\u00e1pida para infec\u00e7\u00f5es sexualmente transmiss\u00edveis (ISTs). Mais informa\u00e7\u00f5es podem ser obtidas atrav\u00e9s do telefone e WhatsApp do servi\u00e7o (54) 3282.5179.<\/p>\n\n\n\n<p>Texto: Adriana Rabassa\/Prefeitura de Canela<\/p>\n","protected":false},"excerpt":{"rendered":"<p>H\u00e1 pouco mais de 30 anos, um diagn\u00f3stico de Aids\/HIV era uma senten\u00e7a de morte, pois pouco se sabia sobre a doen\u00e7a e o v\u00edrus. Hoje, as pessoas que convivem com a enfermidade levam uma vida normal, desde que sigam o tratamento orientado pelos profissionais que fazem seu acompanhamento. Em Canela, o Centro Regionalizado de [&hellip;]<\/p>\n","protected":false},"author":3,"featured_media":11948,"comment_status":"open","ping_status":"open","sticky":false,"template":"","format":"standard","meta":{"footnotes":""},"categories":[144],"tags":[],"class_list":["post-11947","post","type-post","status-publish","format-standard","has-post-thumbnail","hentry","category-saude"],"_links":{"self":[{"href":"https:\/\/canela.rs.gov.br\/sitenovo\/wp-json\/wp\/v2\/posts\/11947","targetHints":{"allow":["GET"]}}],"collection":[{"href":"https:\/\/canela.rs.gov.br\/sitenovo\/wp-json\/wp\/v2\/posts"}],"about":[{"href":"https:\/\/canela.rs.gov.br\/sitenovo\/wp-json\/wp\/v2\/types\/post"}],"author":[{"embeddable":true,"href":"https:\/\/canela.rs.gov.br\/sitenovo\/wp-json\/wp\/v2\/users\/3"}],"replies":[{"embeddable":true,"href":"https:\/\/canela.rs.gov.br\/sitenovo\/wp-json\/wp\/v2\/comments?post=11947"}],"version-history":[{"count":2,"href":"https:\/\/canela.rs.gov.br\/sitenovo\/wp-json\/wp\/v2\/posts\/11947\/revisions"}],"predecessor-version":[{"id":12470,"href":"https:\/\/canela.rs.gov.br\/sitenovo\/wp-json\/wp\/v2\/posts\/11947\/revisions\/12470"}],"wp:featuredmedia":[{"embeddable":true,"href":"https:\/\/canela.rs.gov.br\/sitenovo\/wp-json\/wp\/v2\/media\/11948"}],"wp:attachment":[{"href":"https:\/\/canela.rs.gov.br\/sitenovo\/wp-json\/wp\/v2\/media?parent=11947"}],"wp:term":[{"taxonomy":"category","embeddable":true,"href":"https:\/\/canela.rs.gov.br\/sitenovo\/wp-json\/wp\/v2\/categories?post=11947"},{"taxonomy":"post_tag","embeddable":true,"href":"https:\/\/canela.rs.gov.br\/sitenovo\/wp-json\/wp\/v2\/tags?post=11947"}],"curies":[{"name":"wp","href":"https:\/\/api.w.org\/{rel}","templated":true}]}}