{"id":11873,"date":"2025-12-04T17:29:18","date_gmt":"2025-12-04T20:29:18","guid":{"rendered":"https:\/\/canela.rs.gov.br\/sitenovo\/?p=11873"},"modified":"2025-12-04T17:29:19","modified_gmt":"2025-12-04T20:29:19","slug":"24a-feira-do-livro-tera-abertura-oficial-nesta-sexta-feira-em-canela","status":"publish","type":"post","link":"https:\/\/canela.rs.gov.br\/sitenovo\/24a-feira-do-livro-tera-abertura-oficial-nesta-sexta-feira-em-canela\/","title":{"rendered":"24\u00aa Feira do Livro ter\u00e1 abertura oficial nesta sexta-feira em Canela"},"content":{"rendered":"\n<p>A abertura oficial da 24\u00aa Feira do Livro Josu\u00e9 Guimar\u00e3es acontece nesta sexta-feira, dia 5, na Pra\u00e7a Jo\u00e3o Corr\u00eaa, integrando a programa\u00e7\u00e3o do 38\u00ba Sonho de Natal de Canela. A solenidade acontece \u00e0s 14 horas. O prefeito Gilberto Cezar e o patrono da Feira, Clayton Oppitz, far\u00e3o a abertura do evento.<br>Ap\u00f3s a cerim\u00f4nia ser\u00e3o realizados dois momentos de conta\u00e7\u00e3o de hist\u00f3rias, com a lenda do \u201cNegrinho do Pastoreio\u201d e a leitura de \u201cA Gralha Azul\u201d. J\u00e1 \u00e0s 17h30 acontece o lan\u00e7amento de cinco livros, seguido de sess\u00e3o de aut\u00f3grafos com os autores: Cida Wolff Cardoso Weber, de \u201cOs Tijolos da Felicidade\u201d; Liz Pimentel, de \u201cSe os Olhos Falam\u201d; Pedro Oliveira, de \u201cDepois do Churrasco \u2013 Receitas da Do\u00e7aria Rio-Grandense \u2013 4\u00aa Edi\u00e7\u00e3o\u201d; Pipoca, de \u201cO Menino Pipoca \u2013 Uma hist\u00f3ria de motiva\u00e7\u00e3o para n\u00e3o desistir dos nossos sonhos\u201d; e Genelci Oliveira, de \u201cAs Viagens de Carmensita\u201d.<br>O evento, promovido pela Prefeitura de Canela por meio da Secretaria de Turismo e Cultura, segue at\u00e9 o dia 14 de dezembro com uma programa\u00e7\u00e3o intensa, incluindo conta\u00e7\u00e3o de hist\u00f3rias, lan\u00e7amentos de livros, sess\u00f5es de aut\u00f3grafos, palestras e apresenta\u00e7\u00f5es musicais e teatrais no Multipalco.<\/p>\n\n\n\n<p>PATROCINADORES<br>O 38\u00ba Sonho de Natal de Canela \u00e9 apresentado por Minist\u00e9rio da Cultura, Secretaria de Estado da Cultura e Prefeitura de Canela. Lei de Incentivo \u00e0 Cultura \u2013 Lei Rouanet. Patroc\u00ednio: Havan e Governo do Estado do Rio Grande do Sul \u2013 O futuro nos une. Colabora\u00e7\u00e3o: Farm\u00e1cias S\u00e3o Jo\u00e3o, Sulg\u00e1s, Space Adventure e Sicredi Pioneira. Parceria: Alpen Park, Cooperativa de Cr\u00e9dito Cresol, Cervejaria Farol, Cervejaria Viking Bier, Corsan, Tintas Coral \u2013 Outlet das Tintas, Parque Bondinhos Canela, Parque Terra M\u00e1gica Florybal, Pomp\u00e9ia Pryme, Roda Canela e Skyglass. Apoio Especial: Parque do Caracol. Apoio Institucional: Associa\u00e7\u00e3o Comercial Industrial de Canela \u2013 ACIC. Agente Cultural: AM Produ\u00e7\u00f5es. Financiamento: Pr\u00f3-Cultura | Secretaria da Cultura RS Governo do Estado do Rio Grande do Sul. Realiza\u00e7\u00e3o: Prefeitura de Canela, Minist\u00e9rio da Cultura e Governo Federal \u2013 Brasil, do lado do povo brasileiro.<\/p>\n\n\n\n<p>Programa\u00e7\u00e3o completa no site&nbsp;<a href=\"http:\/\/sonhodenatal.com.br\/\" rel=\"noreferrer noopener\" target=\"_blank\">sonhodenatal.com.br<\/a><br>Instagram:&nbsp;<a href=\"https:\/\/www.instagram.com\/sonhodenataloficial\/\" rel=\"noreferrer noopener\" target=\"_blank\">@sonhodenataloficial<\/a><br>Facebook:&nbsp;<a href=\"http:\/\/www.facebook.com\/sonhodenataldecanela\" rel=\"noreferrer noopener\" target=\"_blank\">www.facebook.com\/sonhodenataldecanela<\/a><\/p>\n\n\n\n<p>Confira a programa\u00e7\u00e3o completa&nbsp;<a href=\"https:\/\/www.instagram.com\/p\/DR1xWaEE9nf\/?utm_source=ig_web_copy_link&amp;igsh=MzRlODBiNWFlZA==\" target=\"_blank\" rel=\"noreferrer noopener\">aqui&nbsp;<\/a>.<\/p>\n\n\n\n<p><\/p>\n\n\n\n<p><\/p>\n","protected":false},"excerpt":{"rendered":"<p>A abertura oficial da 24\u00aa Feira do Livro Josu\u00e9 Guimar\u00e3es acontece nesta sexta-feira, dia 5, na Pra\u00e7a Jo\u00e3o Corr\u00eaa, integrando a programa\u00e7\u00e3o do 38\u00ba Sonho de Natal de Canela. A solenidade acontece \u00e0s 14 horas. O prefeito Gilberto Cezar e o patrono da Feira, Clayton Oppitz, far\u00e3o a abertura do evento.Ap\u00f3s a cerim\u00f4nia ser\u00e3o realizados [&hellip;]<\/p>\n","protected":false},"author":3,"featured_media":11874,"comment_status":"open","ping_status":"open","sticky":false,"template":"","format":"standard","meta":{"footnotes":""},"categories":[55],"tags":[],"class_list":["post-11873","post","type-post","status-publish","format-standard","has-post-thumbnail","hentry","category-post_turismo"],"_links":{"self":[{"href":"https:\/\/canela.rs.gov.br\/sitenovo\/wp-json\/wp\/v2\/posts\/11873","targetHints":{"allow":["GET"]}}],"collection":[{"href":"https:\/\/canela.rs.gov.br\/sitenovo\/wp-json\/wp\/v2\/posts"}],"about":[{"href":"https:\/\/canela.rs.gov.br\/sitenovo\/wp-json\/wp\/v2\/types\/post"}],"author":[{"embeddable":true,"href":"https:\/\/canela.rs.gov.br\/sitenovo\/wp-json\/wp\/v2\/users\/3"}],"replies":[{"embeddable":true,"href":"https:\/\/canela.rs.gov.br\/sitenovo\/wp-json\/wp\/v2\/comments?post=11873"}],"version-history":[{"count":1,"href":"https:\/\/canela.rs.gov.br\/sitenovo\/wp-json\/wp\/v2\/posts\/11873\/revisions"}],"predecessor-version":[{"id":11875,"href":"https:\/\/canela.rs.gov.br\/sitenovo\/wp-json\/wp\/v2\/posts\/11873\/revisions\/11875"}],"wp:featuredmedia":[{"embeddable":true,"href":"https:\/\/canela.rs.gov.br\/sitenovo\/wp-json\/wp\/v2\/media\/11874"}],"wp:attachment":[{"href":"https:\/\/canela.rs.gov.br\/sitenovo\/wp-json\/wp\/v2\/media?parent=11873"}],"wp:term":[{"taxonomy":"category","embeddable":true,"href":"https:\/\/canela.rs.gov.br\/sitenovo\/wp-json\/wp\/v2\/categories?post=11873"},{"taxonomy":"post_tag","embeddable":true,"href":"https:\/\/canela.rs.gov.br\/sitenovo\/wp-json\/wp\/v2\/tags?post=11873"}],"curies":[{"name":"wp","href":"https:\/\/api.w.org\/{rel}","templated":true}]}}