{"id":11775,"date":"2025-12-04T10:10:24","date_gmt":"2025-12-04T13:10:24","guid":{"rendered":"https:\/\/canela.rs.gov.br\/sitenovo\/?p=11775"},"modified":"2025-12-04T10:10:25","modified_gmt":"2025-12-04T13:10:25","slug":"equipe-do-melhor-em-casa-de-canela-participa-do-1o-encontro-estadual-de-atencao-domiciliar","status":"publish","type":"post","link":"https:\/\/canela.rs.gov.br\/sitenovo\/equipe-do-melhor-em-casa-de-canela-participa-do-1o-encontro-estadual-de-atencao-domiciliar\/","title":{"rendered":"Equipe do Melhor em Casa de Canela participa do 1\u00ba Encontro Estadual de Aten\u00e7\u00e3o Domiciliar"},"content":{"rendered":"\n<p><strong><br><\/strong><br>Para fortalecer os servi\u00e7os de Aten\u00e7\u00e3o Domiciliar, a Prefeitura de Canela, por meio da Secretaria da Sa\u00fade, participou nesta quarta-feira, dia 3, do 1\u00ba Encontro das Equipes de Aten\u00e7\u00e3o Domiciliar do Estado. O evento ocorreu no audit\u00f3rio do Centro Administrativo Fernando Ferrari, em Porto Alegre, reunindo mais de 200 profissionais presencialmente, al\u00e9m de diversos participantes on-line. A programa\u00e7\u00e3o contou com palestras de representantes do Minist\u00e9rio da Sa\u00fade, Tribunal Regional Federal, Procuradoria-Geral do Estado e gestores de munic\u00edpios que j\u00e1 desenvolvem o servi\u00e7o.<\/p>\n\n\n\n<p>Entre os destaques, 12 equipes municipais apresentaram suas experi\u00eancias por meio de pain\u00e9is, compartilhando resultados, estrat\u00e9gias e desafios.<\/p>\n\n\n\n<p>O secret\u00e1rio de Sa\u00fade, Jean Spall, esteve presente no evento e ressaltou a import\u00e2ncia da participa\u00e7\u00e3o de Canela. \u201cA equipe do Programa Melhor em Casa marcou presen\u00e7a, refor\u00e7ando o compromisso do munic\u00edpio com a qualifica\u00e7\u00e3o cont\u00ednua do cuidado domiciliar e com a troca de conhecimentos que fortalecem o SUS e aprimoram o atendimento \u00e0 comunidade\u201d, destacou.<\/p>\n\n\n\n<p><strong>Sobre o Programa<\/strong><br>O Melhor em Casa \u00e9 uma iniciativa do Sistema \u00danico de Sa\u00fade (SUS) que oferece atendimento m\u00e9dico e multiprofissional no domic\u00edlio do paciente. O objetivo \u00e9 atender pessoas que necessitam de cuidados cont\u00ednuos, mas que t\u00eam dificuldade ou impossibilidade de se deslocar at\u00e9 uma unidade de sa\u00fade, evitando interna\u00e7\u00f5es desnecess\u00e1rias e facilitando a alta hospitalar.<br>As equipes multiprofissionais \u2014 como m\u00e9dicos, enfermeiros e fisioterapeutas \u2014 realizam visitas domiciliares para oferecer um cuidado humanizado e cont\u00ednuo no ambiente familiar. O programa prioriza pacientes que demandam aten\u00e7\u00e3o frequente, como pessoas em acompanhamento p\u00f3s-AVC ou p\u00f3s-cir\u00fargico, em uso de medica\u00e7\u00e3o venosa di\u00e1ria, com curativos extensos ou que necessitam de cuidados paliativos.<\/p>\n\n\n\n<p><strong>Como solicitar o atendimento<\/strong><br>O pedido deve ser feito na Unidade B\u00e1sica de Sa\u00fade (UBS) mais pr\u00f3xima da resid\u00eancia do paciente. A equipe da UBS realiza uma avalia\u00e7\u00e3o inicial para identificar a necessidade do atendimento domiciliar e definir o tipo de acompanhamento adequado.<\/p>\n\n\n\n<p><strong>O que o programa oferece<\/strong><\/p>\n\n\n\n<p>O programa disponibiliza equipes compostas por diversos profissionais de sa\u00fade, que realizam o acompanhamento diretamente na casa do paciente. Esse modelo de atendimento permite que o cuidado ocorra em um ambiente familiar e confort\u00e1vel, contribuindo para a qualidade de vida e garantindo que o tratamento seja adaptado \u00e0s necessidades e limita\u00e7\u00f5es de cada indiv\u00edduo, promovendo sua autonomia.<\/p>\n\n\n\n<p><\/p>\n\n\n\n<p><\/p>\n\n\n\n<p><\/p>\n","protected":false},"excerpt":{"rendered":"<p>Para fortalecer os servi\u00e7os de Aten\u00e7\u00e3o Domiciliar, a Prefeitura de Canela, por meio da Secretaria da Sa\u00fade, participou nesta quarta-feira, dia 3, do 1\u00ba Encontro das Equipes de Aten\u00e7\u00e3o Domiciliar do Estado. O evento ocorreu no audit\u00f3rio do Centro Administrativo Fernando Ferrari, em Porto Alegre, reunindo mais de 200 profissionais presencialmente, al\u00e9m de diversos participantes [&hellip;]<\/p>\n","protected":false},"author":3,"featured_media":11776,"comment_status":"open","ping_status":"open","sticky":false,"template":"","format":"standard","meta":{"footnotes":""},"categories":[144],"tags":[],"class_list":["post-11775","post","type-post","status-publish","format-standard","has-post-thumbnail","hentry","category-saude"],"_links":{"self":[{"href":"https:\/\/canela.rs.gov.br\/sitenovo\/wp-json\/wp\/v2\/posts\/11775","targetHints":{"allow":["GET"]}}],"collection":[{"href":"https:\/\/canela.rs.gov.br\/sitenovo\/wp-json\/wp\/v2\/posts"}],"about":[{"href":"https:\/\/canela.rs.gov.br\/sitenovo\/wp-json\/wp\/v2\/types\/post"}],"author":[{"embeddable":true,"href":"https:\/\/canela.rs.gov.br\/sitenovo\/wp-json\/wp\/v2\/users\/3"}],"replies":[{"embeddable":true,"href":"https:\/\/canela.rs.gov.br\/sitenovo\/wp-json\/wp\/v2\/comments?post=11775"}],"version-history":[{"count":1,"href":"https:\/\/canela.rs.gov.br\/sitenovo\/wp-json\/wp\/v2\/posts\/11775\/revisions"}],"predecessor-version":[{"id":11777,"href":"https:\/\/canela.rs.gov.br\/sitenovo\/wp-json\/wp\/v2\/posts\/11775\/revisions\/11777"}],"wp:featuredmedia":[{"embeddable":true,"href":"https:\/\/canela.rs.gov.br\/sitenovo\/wp-json\/wp\/v2\/media\/11776"}],"wp:attachment":[{"href":"https:\/\/canela.rs.gov.br\/sitenovo\/wp-json\/wp\/v2\/media?parent=11775"}],"wp:term":[{"taxonomy":"category","embeddable":true,"href":"https:\/\/canela.rs.gov.br\/sitenovo\/wp-json\/wp\/v2\/categories?post=11775"},{"taxonomy":"post_tag","embeddable":true,"href":"https:\/\/canela.rs.gov.br\/sitenovo\/wp-json\/wp\/v2\/tags?post=11775"}],"curies":[{"name":"wp","href":"https:\/\/api.w.org\/{rel}","templated":true}]}}