{"id":11355,"date":"2025-11-29T12:29:29","date_gmt":"2025-11-29T15:29:29","guid":{"rendered":"https:\/\/canela.rs.gov.br\/sitenovo\/?p=11355"},"modified":"2025-11-29T12:29:31","modified_gmt":"2025-11-29T15:29:31","slug":"cempra-lanca-a-campanha-dezembro-verde-contra-o-abandono-e-maus-tratos-aos-animais","status":"publish","type":"post","link":"https:\/\/canela.rs.gov.br\/sitenovo\/cempra-lanca-a-campanha-dezembro-verde-contra-o-abandono-e-maus-tratos-aos-animais\/","title":{"rendered":"Cempra lan\u00e7a a campanha Dezembro Verde contra o abandono e maus-tratos aos animais"},"content":{"rendered":"\n<p>O Centro Municipal de Prote\u00e7\u00e3o Animal (Cempra), lan\u00e7a nesta segunda-feira, dia 1\u00ba, a campanha Dezembro Verde, dedicada \u00e0 conscientiza\u00e7\u00e3o sobre o abandono e os maus-tratos contra os animais. A Prefeitura de Canela adere a campanha nacional e insere o tema deste m\u00eas refor\u00e7ando o compromisso da administra\u00e7\u00e3o p\u00fablica com a defesa dos animais. A abertura da programa\u00e7\u00e3o acontece \u00e0s 13 horas, em frente ao Pa\u00e7o Municipal, onde acontecer\u00e1 a feira de ado\u00e7\u00e3o de c\u00e3es e gatos, a\u00e7\u00f5es educativas e a distribui\u00e7\u00e3o das fitinhas verdes, s\u00edmbolo da campanha.<br>O prefeito Gilberto Cezar, que participar\u00e1 da iniciativa, destaca que ela demonstra que o Poder P\u00fablico tamb\u00e9m est\u00e1 preocupado com a prote\u00e7\u00e3o animal, por isso convida toda a comunidade canelense a se somar a causa. \u201cOs animais s\u00e3o seres vivos que sentem fome, frio e dor, e respeit\u00e1-los \u00e9 o m\u00ednimo que podemos fazer. Por isso, a atual administra\u00e7\u00e3o apoia as a\u00e7\u00f5es do Cempra, para que possamos encontrar lares respons\u00e1veis para esses animais que temos acolhido e que eles possam ter uma vida mais digna\u201d, afirma Gilberto.<br>A coordenadora do Cempra, Ione Couto, informa que al\u00e9m da programa\u00e7\u00e3o do dia 1\u00ba de dezembro, ser\u00e3o realizadas a\u00e7\u00f5es em parceria com cl\u00ednicas veterin\u00e1rias, petshops e agropecu\u00e1rias do munic\u00edpio, com feiras de ado\u00e7\u00e3o, distribui\u00e7\u00e3o de material informativo e das fitas verdes.<br>Entre os destaques das a\u00e7\u00f5es programadas est\u00e1 uma em parceria com a Feira Canela + Verde, que acontece no Parque do Pal\u00e1cio no dia 7 de dezembro, das 14 \u00e0s 17 horas. Neste dia ser\u00e1 realizada uma trilha\/caminhada n\u00edvel leve, com acompanhamento de um bi\u00f3logo, quando a comunidade poder\u00e1 participar levando seus pets.<\/p>\n\n\n\n<p>Programa\u00e7\u00e3o completa da campanha Dezembro Verde em Canela<\/p>\n\n\n\n<p>1\u00ba\/12 (Segunda-feira)<br>13h \u00e0s 15h &#8211; Abertura oficial da campanha Dezembro Verde, feira de ado\u00e7\u00e3o animal, a\u00e7\u00e3o de conscientiza\u00e7\u00e3o e distribui\u00e7\u00e3o de fitas verdes.<br>Local: em frente \u00e0 Prefeitura de Canela<\/p>\n\n\n\n<p>02\/12 (Ter\u00e7a-feira)<br>13h \u00e0s 17h &#8211; Confraterniza\u00e7\u00e3o tem\u00e1tica com a participa\u00e7\u00e3o de pets; feira de ado\u00e7\u00e3o animal; fotos dos animais; orienta\u00e7\u00f5es sobre guarda respons\u00e1vel; distribui\u00e7\u00e3o de fitas verdes.<br>Local: em frente \u00e0 Confrapet (Rua Augusto Pestana, 272)<\/p>\n\n\n\n<p>05\/12 (Sexta-feira)<br>13h \u00e0s 17h &#8211; Atividades educativas; feira de ado\u00e7\u00e3o animal; distribui\u00e7\u00e3o de fitas verdes.<br>Local: em frente \u00e0 Agropet RCM (Av. Jo\u00e3o Pessoa, 326)<\/p>\n\n\n\n<p>06\/12 (S\u00e1bado)<br>10h \u00e0s 15h &#8211; Feira de ado\u00e7\u00e3o animal; orienta\u00e7\u00f5es sobre abandono de animais; distribui\u00e7\u00e3o de fitas verdes.<br>Local: Hospital \u00c1lvaro de Abreu (Av. Don Luiz Guanella, 1093)<\/p>\n\n\n\n<p>07\/12 (Domingo)<br>14h \u00e0s 17h &#8211; Evento natalino com a participa\u00e7\u00e3o da comunidade e dos seus pets; feira de ado\u00e7\u00e3o animal; fotos dos animais; trilha\/caminhada leve com orienta\u00e7\u00e3o de bi\u00f3logo; distribui\u00e7\u00e3o de fitas verdes.<br>Local: Parque do Pal\u00e1cio (RS-235, em frente \u00e0 Pra\u00e7a das Na\u00e7\u00f5es)<\/p>\n\n\n\n<p>08\/12 (Segunda-feira)<br>13h \u00e0s 17h &#8211; Atividades educativas; feira de ado\u00e7\u00e3o animal; distribui\u00e7\u00e3o de fitas verdes.<br>Local: Agropet D\u2019Patas Pro Ar (Rua Felisberto de Moraes, 302)<\/p>\n\n\n\n<p>18\/12 (Quinta-feira)<br>13h \u00e0s 18h &#8211; Atividades educativas; feira de ado\u00e7\u00e3o animal; distribui\u00e7\u00e3o de fitas verdes.<br>Local: Petshop Bicho Ga\u00facho (Av. Jo\u00e3o Pessoa, 938, sala 2)<\/p>\n\n\n\n<p>20\/12 (S\u00e1bado)<br>A partir das 14h &#8211; Feira de ado\u00e7\u00e3o animal; distribui\u00e7\u00e3o de fitas verdes; a\u00e7\u00e3o de conscientiza\u00e7\u00e3o sobre abandono, maus-tratos, prote\u00e7\u00e3o e ado\u00e7\u00e3o dos animais.<br>Local: Pra\u00e7a Jo\u00e3o Corr\u00eaa (quiosque atr\u00e1s do letreiro Canela).<\/p>\n","protected":false},"excerpt":{"rendered":"<p>O Centro Municipal de Prote\u00e7\u00e3o Animal (Cempra), lan\u00e7a nesta segunda-feira, dia 1\u00ba, a campanha Dezembro Verde, dedicada \u00e0 conscientiza\u00e7\u00e3o sobre o abandono e os maus-tratos contra os animais. A Prefeitura de Canela adere a campanha nacional e insere o tema deste m\u00eas refor\u00e7ando o compromisso da administra\u00e7\u00e3o p\u00fablica com a defesa dos animais. A abertura [&hellip;]<\/p>\n","protected":false},"author":3,"featured_media":11356,"comment_status":"open","ping_status":"open","sticky":false,"template":"","format":"standard","meta":{"footnotes":""},"categories":[48],"tags":[],"class_list":["post-11355","post","type-post","status-publish","format-standard","has-post-thumbnail","hentry","category-post_meio-ambiente"],"_links":{"self":[{"href":"https:\/\/canela.rs.gov.br\/sitenovo\/wp-json\/wp\/v2\/posts\/11355","targetHints":{"allow":["GET"]}}],"collection":[{"href":"https:\/\/canela.rs.gov.br\/sitenovo\/wp-json\/wp\/v2\/posts"}],"about":[{"href":"https:\/\/canela.rs.gov.br\/sitenovo\/wp-json\/wp\/v2\/types\/post"}],"author":[{"embeddable":true,"href":"https:\/\/canela.rs.gov.br\/sitenovo\/wp-json\/wp\/v2\/users\/3"}],"replies":[{"embeddable":true,"href":"https:\/\/canela.rs.gov.br\/sitenovo\/wp-json\/wp\/v2\/comments?post=11355"}],"version-history":[{"count":1,"href":"https:\/\/canela.rs.gov.br\/sitenovo\/wp-json\/wp\/v2\/posts\/11355\/revisions"}],"predecessor-version":[{"id":11357,"href":"https:\/\/canela.rs.gov.br\/sitenovo\/wp-json\/wp\/v2\/posts\/11355\/revisions\/11357"}],"wp:featuredmedia":[{"embeddable":true,"href":"https:\/\/canela.rs.gov.br\/sitenovo\/wp-json\/wp\/v2\/media\/11356"}],"wp:attachment":[{"href":"https:\/\/canela.rs.gov.br\/sitenovo\/wp-json\/wp\/v2\/media?parent=11355"}],"wp:term":[{"taxonomy":"category","embeddable":true,"href":"https:\/\/canela.rs.gov.br\/sitenovo\/wp-json\/wp\/v2\/categories?post=11355"},{"taxonomy":"post_tag","embeddable":true,"href":"https:\/\/canela.rs.gov.br\/sitenovo\/wp-json\/wp\/v2\/tags?post=11355"}],"curies":[{"name":"wp","href":"https:\/\/api.w.org\/{rel}","templated":true}]}}