{"id":11343,"date":"2025-11-28T15:37:26","date_gmt":"2025-11-28T18:37:26","guid":{"rendered":"https:\/\/canela.rs.gov.br\/sitenovo\/?p=11343"},"modified":"2025-11-28T15:37:27","modified_gmt":"2025-11-28T18:37:27","slug":"pesagem-do-bolsa-familia-podera-ser-realizada-no-turno-estendido-da-ubs-central-em-dezembro","status":"publish","type":"post","link":"https:\/\/canela.rs.gov.br\/sitenovo\/pesagem-do-bolsa-familia-podera-ser-realizada-no-turno-estendido-da-ubs-central-em-dezembro\/","title":{"rendered":"Pesagem do Bolsa Fam\u00edlia poder\u00e1 ser realizada no turno estendido da UBS Central em dezembro"},"content":{"rendered":"\n<p>Os benefici\u00e1rios do Programa Bolsa Fam\u00edlia poder\u00e3o realizar a pesagem obrigat\u00f3ria na Unidade B\u00e1sica de Sa\u00fade (UBS) Central nos dias 2, 9 e 16 de dezembro. O atendimento ocorrer\u00e1 durante o turno estendido, das 17h \u00e0s 20h.&nbsp; No dia 16, o atendimento ocorrer\u00e1 somente at\u00e9 \u00e0s 19h.<\/p>\n\n\n\n<p>A pesagem \u00e9 um requisito para que fam\u00edlias com mulheres de 14 a 44 anos e crian\u00e7as menores de 7 anos mantenham o recebimento do benef\u00edcio do Governo Federal.<\/p>\n\n\n\n<p>Para o atendimento, as mulheres e crian\u00e7as acompanhadas pelo Munic\u00edpio devem apresentar documento de identidade e cart\u00e3o de vacinas.<\/p>\n","protected":false},"excerpt":{"rendered":"<p>Os benefici\u00e1rios do Programa Bolsa Fam\u00edlia poder\u00e3o realizar a pesagem obrigat\u00f3ria na Unidade B\u00e1sica de Sa\u00fade (UBS) Central nos dias 2, 9 e 16 de dezembro. O atendimento ocorrer\u00e1 durante o turno estendido, das 17h \u00e0s 20h.&nbsp; No dia 16, o atendimento ocorrer\u00e1 somente at\u00e9 \u00e0s 19h. A pesagem \u00e9 um requisito para que fam\u00edlias [&hellip;]<\/p>\n","protected":false},"author":3,"featured_media":11344,"comment_status":"open","ping_status":"open","sticky":false,"template":"","format":"standard","meta":{"footnotes":""},"categories":[144],"tags":[],"class_list":["post-11343","post","type-post","status-publish","format-standard","has-post-thumbnail","hentry","category-saude"],"_links":{"self":[{"href":"https:\/\/canela.rs.gov.br\/sitenovo\/wp-json\/wp\/v2\/posts\/11343","targetHints":{"allow":["GET"]}}],"collection":[{"href":"https:\/\/canela.rs.gov.br\/sitenovo\/wp-json\/wp\/v2\/posts"}],"about":[{"href":"https:\/\/canela.rs.gov.br\/sitenovo\/wp-json\/wp\/v2\/types\/post"}],"author":[{"embeddable":true,"href":"https:\/\/canela.rs.gov.br\/sitenovo\/wp-json\/wp\/v2\/users\/3"}],"replies":[{"embeddable":true,"href":"https:\/\/canela.rs.gov.br\/sitenovo\/wp-json\/wp\/v2\/comments?post=11343"}],"version-history":[{"count":1,"href":"https:\/\/canela.rs.gov.br\/sitenovo\/wp-json\/wp\/v2\/posts\/11343\/revisions"}],"predecessor-version":[{"id":11345,"href":"https:\/\/canela.rs.gov.br\/sitenovo\/wp-json\/wp\/v2\/posts\/11343\/revisions\/11345"}],"wp:featuredmedia":[{"embeddable":true,"href":"https:\/\/canela.rs.gov.br\/sitenovo\/wp-json\/wp\/v2\/media\/11344"}],"wp:attachment":[{"href":"https:\/\/canela.rs.gov.br\/sitenovo\/wp-json\/wp\/v2\/media?parent=11343"}],"wp:term":[{"taxonomy":"category","embeddable":true,"href":"https:\/\/canela.rs.gov.br\/sitenovo\/wp-json\/wp\/v2\/categories?post=11343"},{"taxonomy":"post_tag","embeddable":true,"href":"https:\/\/canela.rs.gov.br\/sitenovo\/wp-json\/wp\/v2\/tags?post=11343"}],"curies":[{"name":"wp","href":"https:\/\/api.w.org\/{rel}","templated":true}]}}