{"id":11331,"date":"2025-11-27T10:44:43","date_gmt":"2025-11-27T13:44:43","guid":{"rendered":"https:\/\/canela.rs.gov.br\/sitenovo\/?p=11331"},"modified":"2025-12-03T18:28:02","modified_gmt":"2025-12-03T21:28:02","slug":"confira-a-programacao-da-24a-feira-do-livro-de-canela-evento-integra-o-38o-sonho-de-natal","status":"publish","type":"post","link":"https:\/\/canela.rs.gov.br\/sitenovo\/confira-a-programacao-da-24a-feira-do-livro-de-canela-evento-integra-o-38o-sonho-de-natal\/","title":{"rendered":"Confira a programa\u00e7\u00e3o da 24\u00aa Feira do Livro de Canela; evento integra o 38\u00ba Sonho de Natal"},"content":{"rendered":"\n<p>A 24\u00aa Feira do Livro Josu\u00e9 Guimar\u00e3es come\u00e7a no pr\u00f3ximo dia 5, na Pra\u00e7a Jo\u00e3o Corr\u00eaa (Pra\u00e7a do Sonho), e a programa\u00e7\u00e3o j\u00e1 foi divulgada pela Secretaria de Turismo e Cultura, com atra\u00e7\u00f5es variadas como momentos de conta\u00e7\u00e3o de hist\u00f3rias, lan\u00e7amento de livros, sess\u00f5es de aut\u00f3grafos, palestras e apresenta\u00e7\u00f5es musicais e teatrais &#8211; estas no Multipalco. O evento est\u00e1 inserido no 38\u00ba Sonho de Natal de Canela e acontece at\u00e9 14 de dezembro, tendo como patrono o escritor canelense Clayton Raimundo Opptiz.<br>Durante os dez dias de feira, sete livreiros e comerciantes de livros ir\u00e3o expor seus materiais ao p\u00fablico. Ser\u00e3o montados dez estandes para a feira, que ser\u00e3o ocupados por quatro livrarias de fora da cidade, tr\u00eas de Canela, um pelos escritores ind\u00edgenas locais que ir\u00e3o participar, um ser\u00e1 da Secretaria de Educa\u00e7\u00e3o, Esporte e Lazer e um utilizado para o Espa\u00e7o Josu\u00e9 Guimar\u00e3es &#8211; onde v\u00e3o ocorrer lan\u00e7amentos de livros e sess\u00f5es de aut\u00f3grafos.<br>No primeiro dia do evento liter\u00e1rio acontece a cerim\u00f4nia de abertura oficial, \u00e0s 9h30, no Multipalco, com a presen\u00e7a do prefeito Gilberto Cezar, de autoridades, do patrono e de escolas da cidade. \u201cCanela viver\u00e1 mais um momento de enaltecer a cultura e a literatura, atrav\u00e9s da nossa Feira do Livro. Convidamos a todos para prestigiarem mais esse evento que deve movimentar ainda mais a Pra\u00e7a Jo\u00e3o Corr\u00eaa, valorizando nossos escritores e suas obras\u201d, afirma o prefeito.<br>Ainda no dia 5, Lisiane Berti abre os ciclos de palestras \u201cCircuito 3&#215;4 Canela: Diversidade e Arte em Cena\u201d da feira discutindo o tema \u201cComunicar \u00e9 respirar\u201d, \u00e0s 10h. No in\u00edcio da tarde, acontecem dois momentos de conta\u00e7\u00e3o de hist\u00f3rias com a lenda do \u201cNegrinho do Pastoreio\u201d e a leitura de \u201cA Gralha Azul\u201d, e, \u00e0s 17h30, ser\u00e1 realizado o lan\u00e7amento de cinco livros e sess\u00e3o de aut\u00f3grafos com os autores Cida Wolff Cardoso Weber de \u201cOs Tijolos da Felicidade\u201d, Liz Pimentel de \u201cSe os olhos falam\u201d, Pedro Oliveira de \u201cDepois do Churrasco Receitas da Do\u00e7aria Rio-Grandense &#8211; 4\u00aa Edi\u00e7\u00e3o\u201d, Pipoca de \u201cO Menino Pipoca \u2013 Uma hist\u00f3ria de motiva\u00e7\u00e3o para n\u00e3o desistir dos nossos sonhos\u201d, e Genelci Oliveira de \u201cAs Viagens de Carmensita\u201d.<\/p>\n\n\n\n<p><strong>Integra\u00e7\u00e3o entre Sonho de Natal e Feira do Livro<\/strong><\/p>\n\n\n\n<p>De acordo com a diretora do Departamento de Cultura, Sabrina S\u00e1, a programa\u00e7\u00e3o da Feira do Livro se integra \u00e0 do Sonho de Natal, trazendo para o evento liter\u00e1rio de Canela atividades como os desfiles dos parques tem\u00e1ticos, as apresenta\u00e7\u00f5es musicais no Multipalco e as paradinhas noturnas, que passam a compor um mesmo ambiente cultural. \u201cNossa inten\u00e7\u00e3o ao unir as duas programa\u00e7\u00f5es \u00e9 oferecer aos moradores e visitantes uma experi\u00eancia ainda mais completa, diversa e envolvida pelo esp\u00edrito natalino. Al\u00e9m disso, os livros \u2014 que s\u00e3o excelentes op\u00e7\u00f5es de presente \u2014 estar\u00e3o sendo comercializados na Pra\u00e7a Jo\u00e3o Corr\u00eaa, onde todas essas a\u00e7\u00f5es acontecem\u201d, destaca Sabrina.<br>A diretora de Cultura refor\u00e7a, ainda, que essa integra\u00e7\u00e3o tamb\u00e9m fortalece a valoriza\u00e7\u00e3o dos artistas, escritores e palestrantes canelenses, \u201campliando a visibilidade dos talentos locais e celebrando a diversidade cultural do nosso munic\u00edpio, que \u00e9 um dos maiores patrim\u00f4nios de Canela\u201d, afirma.<\/p>\n\n\n\n<p><strong>Programa\u00e7\u00e3o completa da Feira<\/strong><\/p>\n\n\n\n<p>Sexta-feira (05\/12)<br>14h &#8211; Abertura Oficial<br>10h &#8211; Palestra &#8220;Comunicar \u00e9 respirar&#8221;, com Lisiane Berti \u2013 Ciclo de Palestras Circuito 3&#215;4 Canela: Diversidade e Arte em Cena.<br>13h30 &#8211; Conta\u00e7\u00e3o de hist\u00f3ria &#8211; A Lenda do Negrinho do Pastoreio &#8211; Cia Lisi Berti<br>15h30 &#8211; Conta\u00e7\u00e3o de hist\u00f3ria &#8211; A Gralha azul \u2013 Professora Lu<br>17h30 &#8211; Lan\u00e7amento de livros e sess\u00e3o de aut\u00f3grafos com os autores:<br>\u201cOs Tijolos da Felicidade\u201d &#8211; Cida Wolff Cardoso Weber<br>\u201cSe os olhos falam\u201d &#8211; Liz Pimentel<br>\u201cDepois do Churrasco &#8211; Receitas da Do\u00e7aria Rio-Grandense 4\u00aa Edi\u00e7\u00e3o\u201d &#8211; Pedro Oliveira<br>\u201cO Menino Pipoca \u2013 Uma hist\u00f3ria de motiva\u00e7\u00e3o para n\u00e3o desistir dos nossos sonhos \u2013 Livro infantil para ler e colorir\u201d &#8211; Pipoca<br>\u201cAs Viagens de Carmensita\u201d &#8211; Genelci Oliveira.<br>19h \u2013 Desfile dos parques tem\u00e1ticos e atrativos tur\u00edsticos de Canela (Ruas centrais)<br>19h30 \u2013 Show folcl\u00f3rico \u201cNatal de Garfo &amp; Bombacha\u201d<\/p>\n\n\n\n<p>S\u00e1bado (06\/12)<br>10h &#8211; Palestra sobre o livro dos Mbya Guarani e conta\u00e7\u00e3o do Mito Guarani, com o Cacique Marcelino Kuaray Nhe\u2019ery e o Coral Guarani &#8211; Ciclo de Palestras Circuito 3&#215;4 Canela: Diversidade e Arte em Cena.<br>13h30 &#8211; Espet\u00e1culo Teatral \u201cOs Consertadores de Hist\u00f3rias\u201d, da Lelei Produ\u00e7\u00f5es<br>15h30 &#8211; Roda de conversa entre cronistas e escritores, com Santa Sede<br>18h \u2013 Ballet das M\u00e3os<br>19h \u2013 Desfile dos parques tem\u00e1ticos e atrativos tur\u00edsticos de Canela (Ruas centrais)<br>19h30 \u2013 Natal Encantado APAE<\/p>\n\n\n\n<p>Domingo (07\/12)<br>10h &#8211; Oficina \u201cOralidade e trajet\u00f3ria do tambor no RS\u201d, com Adilson Fontoura e Alan Lima \u2013 Ciclo de Palestras Circuito 3&#215;4 Canela: Diversidade e Arte em Cena.<br>13h30 &#8211; Mesa Liter\u00e1ria \u201cIdentidade e cultura &#8211; Como a poesia influ\u00eancia na constru\u00e7\u00e3o do autoconhecimento de crian\u00e7as e adolescentes &#8211; Slam L\u00edrica das Ruas, com J\u00e9ssica Gon\u00e7alves.<br>&nbsp;15h30 &#8211; Palestra e Roda de Capoeira \u201cO Jeito Liberdade de Ser&#8221; &#8211; Grupo Liberdade \u2013 Ciclo de Palestras Circuito 3&#215;4 Canela: Diversidade e Arte em Cena.<br>17h30 &#8211; Lan\u00e7amento de livros e sess\u00e3o de aut\u00f3grafos com os autores:<br>&nbsp;\u201cCanela Passado a Limpo &#8211; 2\u00aa Edi\u00e7\u00e3o\u201d, de Olmiro Reis<br>&nbsp;\u201cSu\u00e1rez &#8211; 339 Dias no Brasil\u201d, de Davi Lima de Oliveira<br>&#8220;Colet\u00e2nea de Cr\u00f4nicas de autores da Serra Ga\u00facha&#8221;, de T\u00e2nia Pereira, Paty Viale e outros cronistas<br>\u201cPatrim\u00f4nio Cultural de Canela &#8211; Prote\u00e7\u00e3o aos Bens Materiais de Valor Hist\u00f3rico\u201d, de M\u00e1rcio Cavalli.<br>20h \u2013 Especial de Natal com Fernando Luzs<br><br>Segunda-feira (08\/12)<br>10h \u2013 Palestra \u201cCriatividade e a uni\u00e3o da arte nas disciplinas escolares\u201d, com Cec\u00edlia Lamas \u2013 Ciclo de Palestras Circuito 3&#215;4 Canela: Diversidade e Arte em Cena.<br>13h30 &#8211; Conta\u00e7\u00e3o de hist\u00f3rias \u201cContos e Lendas do Sul\u201d, com a Faces Produ\u00e7\u00f5es<br>15h30 &#8211; Conta\u00e7\u00e3o de hist\u00f3rias \u201cSe eu fosse uma \u00e1rvore\u201d, com Cec\u00edlia Lamas \u2013 Ciclo de Palestras Circuito 3&#215;4 Canela: Diversidade e Arte em Cena.<br>17h30 &#8211; Palestra \u201cA import\u00e2ncia da leitura na inf\u00e2ncia\u201d, com Fernando Gomes.<\/p>\n\n\n\n<p>Ter\u00e7a-feira (09\/12)<br>10h &#8211; Apresenta\u00e7\u00e3o de poemas Hai Kay e cordel por alunas da Escola Bar\u00e3o do Rio Branco<br>13h30 &#8211; Conta\u00e7\u00e3o de hist\u00f3rias \u201cContos e Lendas do Sul\u201d, com a Faces Produ\u00e7\u00f5es<br>15h30 &#8211; Conta\u00e7\u00e3o de hist\u00f3rias &nbsp;por alunas do curso de Magist\u00e9rio da Escola Estadual Danton Corr\u00eaa da Silva<br>17h30 &#8211; Mesa \u201cDi\u00e1logos liter\u00e1rios com escritores canelenses\u201d &#8211; Media\u00e7\u00e3o de M\u00e1rcio Cavalli \u2013 Ciclo de Palestras Circuito 3&#215;4 Canela: Diversidade e Arte em Cena.<\/p>\n\n\n\n<p>Quarta-feira (10\/12)<br>10h &#8211; Conta\u00e7\u00e3o de hist\u00f3ria &#8211; A Lenda do Negrinho do Pastoreio &#8211; Cia Lisi Berti<br>13h30 &#8211; Conta\u00e7\u00e3o de hist\u00f3rias \u201cContos e Lendas do Sul\u201d, com a Faces Produ\u00e7\u00f5es<br>15:30 &#8211; Conta\u00e7\u00e3o de hist\u00f3rias &nbsp;por alunas do curso de Magist\u00e9rio da Escola Estadual Danton Corr\u00eaa da Silva<br>17h30 &#8211; Mesa \u201cPalavras que florescem \u2013 Mulheres na literatura\u201d &#8211; Media\u00e7\u00e3o de Ana Rita Calazans Perine \u2013 Ciclo de Palestras Circuito 3&#215;4 Canela: Diversidade e Arte em Cena.<\/p>\n\n\n\n<p>Quinta-feira (11\/12)<br>10h &#8211; Apresenta\u00e7\u00e3o dos curtas \u201cCanela Fl\u00e2neur\u201d e \u201cO arm\u00e1rio interior\u201d, de Felipe Mazzurana e Joni Neto \u2013 Ciclo de Palestras Circuito 3&#215;4 Canela: Diversidade e Arte em Cena.<br>13h30 &#8211; Conta\u00e7\u00e3o de hist\u00f3rias \u201cContos e Lendas do Sul\u201d, com a Faces Produ\u00e7\u00f5es<br>15h30 &#8211; Conta\u00e7\u00e3o de hist\u00f3rias &nbsp;por alunas do curso de Magist\u00e9rio da Escola Estadual Danton Corr\u00eaa da Silva<br>17h30 &#8211; Palestra \u201cPerfil da Biblioteca do Canella\u201d, com Cilon Estivalet \u2013 Ciclo de Palestras Circuito 3&#215;4 Canela: Diversidade e Arte em Cena.<br>20h \u2013 Musical com O Som do Vento \u2013 Pra\u00e7a Jo\u00e3o Corr\u00eaa\/Multipalco<\/p>\n\n\n\n<p>Sexta-feira (12\/12)<br>10h &#8211; &nbsp;Apresenta\u00e7\u00e3o de poemas Hai Kay e cordel por alunas da Escola Bar\u00e3o do Rio Branco<br>13h30 &#8211; Conta\u00e7\u00e3o de hist\u00f3ria &#8211; A Lenda do Negrinho do Pastoreio &#8211; Cia Lisi Berti<br>15h30 &#8211; Conta\u00e7\u00e3o de hist\u00f3ria &#8211; A Gralha azul \u2013 Professora Lu<br>16h30 \u2013 Desfile de Natal \u201cO Livro M\u00e1gico de Receitas do Papai Noel\u201d (Paradinha) \u2013 Sa\u00edda da Igreja at\u00e9 final da Av. Osvaldo Aranha no entroncamento com a R. Get\u00falio Vargas<br>17h30 &#8211; Mesa \u201cAgentes territoriais da cultura\u201d, com Ana Paula Marcante do Minist\u00e9rio da Cultura (Minc).<br>19h \u2013 Desfile dos parques tem\u00e1ticos e atrativos tur\u00edsticos de Canela (Ruas centrais)<br>20h \u2013 Grupo de Cordas da UCS<\/p>\n\n\n\n<p>S\u00e1bado (13\/12)<br>10h &#8211; Conta\u00e7\u00e3o de hist\u00f3ria &#8211; A Lenda do Negrinho do Pastoreio &#8211; Cia Lisi Berti<br>13h30 &#8211; Espet\u00e1culo Teatral \u201cOs Consertadores de Hist\u00f3rias\u201d, da Lelei Produ\u00e7\u00f5es<br>15h30 \u2013 Leitura do Livro \u201cA Arauc\u00e1ria e a Gralha azul\u201d &#8211; Livro em quatro idiomas com tradu\u00e7\u00e3o em libras &#8211; com o Cacique Maur\u00edcio, Fernando Gomes e Dan\u00e7a Kaingang \u2013 Ciclo de Palestras Circuito 3&#215;4 Canela: Diversidade e Arte em Cena.<br>16h30 \u2013 Desfile de Natal \u201cO Livro M\u00e1gico de Receitas do Papai Noel\u201d (Paradinha) \u2013 Sa\u00edda da Igreja at\u00e9 final da Av. Osvaldo Aranha no entroncamento com a R. Get\u00falio Vargas<br>17h30 \u2013 Filme dan\u00e7ado \u201cNo mundo de Josu\u00e9 &#8211; A hist\u00f3ria de muitas hist\u00f3rias\u201d, da Academia de Dan\u00e7as Neusa Martinotto.<br>19h \u2013 Desfile dos parques tem\u00e1ticos e atrativos tur\u00edsticos de Canela (Ruas centrais)<br>20h \u2013 Coral Jovem de Novo Hamburgo \u2013 Cantata de Natal<\/p>\n\n\n\n<p>Domingo (14\/12)<br>10h &#8211; Mesa \u201cEduca\u00e7\u00e3o Antirracista\u201d, com o Coletivo Sankofa \u2013 Ciclo de Palestras Circuito 3&#215;4 Canela: Diversidade e Arte em Cena.<br>13h30 &#8211; Espet\u00e1culo Teatral \u201cOs Consertadores de Hist\u00f3rias\u201d, da Lelei Produ\u00e7\u00f5es<br>15h30 &#8211; Evento de tradu\u00e7\u00e3o da Constitui\u00e7\u00e3o de 1988 para a l\u00edngua Kaingang<br>17h30 &#8211; Cerim\u00f4nia de encerramento 24\u00aa Feira do Livro de Canela, com o patrono Clayton Oppitz<br>&nbsp;20h \u2013 Show musical Noellas<br><br><strong>PATROCINADORES<\/strong><br>O 38\u00ba Sonho de Natal de Canela \u00e9&nbsp; apresentado por Minist\u00e9rio da Cultura, Secretaria de Estado da Cultura e Prefeitura de Canela. Lei de Incentivo \u00e0 Cultura \u2013 Lei Rouanet. Patroc\u00ednio: Havan e Governo do Estado do Rio Grande do Sul \u2013 O futuro nos une. Colabora\u00e7\u00e3o: Farm\u00e1cias S\u00e3o Jo\u00e3o, Sulg\u00e1s, Space Adventure e Sicredi Pioneira. Parceria: Alpen Park, Cooperativa de Cr\u00e9dito Cresol, Cervejaria Farol, Cervejaria Viking Bier, Corsan, Tintas Coral \u2013 Outlet das Tintas, Parque Bondinhos Canela, Parque Terra M\u00e1gica Florybal, Pomp\u00e9ia Pryme, Roda Canela e Skyglass. Apoio Especial: Parque do Caracol. Apoio Institucional: Associa\u00e7\u00e3o Comercial Industrial de Canela \u2013 ACIC. Agente Cultural: AM Produ\u00e7\u00f5es. Financiamento: Pr\u00f3-Cultura | Secretaria da Cultura RS Governo do Estado do Rio Grande do Sul. Realiza\u00e7\u00e3o: Prefeitura de Canela, Minist\u00e9rio da Cultura e Governo Federal \u2013 Brasil, do lado do povo brasileiro.<\/p>\n\n\n\n<p>Programa\u00e7\u00e3o completa no site&nbsp;<a href=\"http:\/\/sonhodenatal.com.br\/\" rel=\"noreferrer noopener\" target=\"_blank\">sonhodenatal.com.br<\/a><br>Instagram:&nbsp;<a href=\"https:\/\/www.instagram.com\/sonhodenataloficial\/\" rel=\"noreferrer noopener\" target=\"_blank\">@sonhodenataloficial<\/a><br>Facebook:&nbsp;<a href=\"http:\/\/www.facebook.com\/sonhodenataldecanela\" rel=\"noreferrer noopener\" target=\"_blank\">www.facebook.com\/sonhodenataldecanela<\/a><\/p>\n\n\n\n<p><\/p>\n\n\n\n<p><\/p>\n","protected":false},"excerpt":{"rendered":"<p>A 24\u00aa Feira do Livro Josu\u00e9 Guimar\u00e3es come\u00e7a no pr\u00f3ximo dia 5, na Pra\u00e7a Jo\u00e3o Corr\u00eaa (Pra\u00e7a do Sonho), e a programa\u00e7\u00e3o j\u00e1 foi divulgada pela Secretaria de Turismo e Cultura, com atra\u00e7\u00f5es variadas como momentos de conta\u00e7\u00e3o de hist\u00f3rias, lan\u00e7amento de livros, sess\u00f5es de aut\u00f3grafos, palestras e apresenta\u00e7\u00f5es musicais e teatrais &#8211; estas no [&hellip;]<\/p>\n","protected":false},"author":3,"featured_media":11332,"comment_status":"open","ping_status":"open","sticky":false,"template":"","format":"standard","meta":{"footnotes":""},"categories":[55],"tags":[],"class_list":["post-11331","post","type-post","status-publish","format-standard","has-post-thumbnail","hentry","category-post_turismo"],"_links":{"self":[{"href":"https:\/\/canela.rs.gov.br\/sitenovo\/wp-json\/wp\/v2\/posts\/11331","targetHints":{"allow":["GET"]}}],"collection":[{"href":"https:\/\/canela.rs.gov.br\/sitenovo\/wp-json\/wp\/v2\/posts"}],"about":[{"href":"https:\/\/canela.rs.gov.br\/sitenovo\/wp-json\/wp\/v2\/types\/post"}],"author":[{"embeddable":true,"href":"https:\/\/canela.rs.gov.br\/sitenovo\/wp-json\/wp\/v2\/users\/3"}],"replies":[{"embeddable":true,"href":"https:\/\/canela.rs.gov.br\/sitenovo\/wp-json\/wp\/v2\/comments?post=11331"}],"version-history":[{"count":4,"href":"https:\/\/canela.rs.gov.br\/sitenovo\/wp-json\/wp\/v2\/posts\/11331\/revisions"}],"predecessor-version":[{"id":11774,"href":"https:\/\/canela.rs.gov.br\/sitenovo\/wp-json\/wp\/v2\/posts\/11331\/revisions\/11774"}],"wp:featuredmedia":[{"embeddable":true,"href":"https:\/\/canela.rs.gov.br\/sitenovo\/wp-json\/wp\/v2\/media\/11332"}],"wp:attachment":[{"href":"https:\/\/canela.rs.gov.br\/sitenovo\/wp-json\/wp\/v2\/media?parent=11331"}],"wp:term":[{"taxonomy":"category","embeddable":true,"href":"https:\/\/canela.rs.gov.br\/sitenovo\/wp-json\/wp\/v2\/categories?post=11331"},{"taxonomy":"post_tag","embeddable":true,"href":"https:\/\/canela.rs.gov.br\/sitenovo\/wp-json\/wp\/v2\/tags?post=11331"}],"curies":[{"name":"wp","href":"https:\/\/api.w.org\/{rel}","templated":true}]}}