{"id":11255,"date":"2025-11-26T17:27:04","date_gmt":"2025-11-26T20:27:04","guid":{"rendered":"https:\/\/canela.rs.gov.br\/sitenovo\/?p=11255"},"modified":"2025-11-26T17:27:06","modified_gmt":"2025-11-26T20:27:06","slug":"canela-realiza-1o-forum-de-ecocidadania-e-incentiva-escolas-a-debater-solucoes-para-as-crises-climaticas","status":"publish","type":"post","link":"https:\/\/canela.rs.gov.br\/sitenovo\/canela-realiza-1o-forum-de-ecocidadania-e-incentiva-escolas-a-debater-solucoes-para-as-crises-climaticas\/","title":{"rendered":"Canela realiza 1\u00ba F\u00f3rum de Ecocidadania e incentiva escolas a debater solu\u00e7\u00f5es para as crises clim\u00e1ticas"},"content":{"rendered":"\n<p>As crises clim\u00e1ticas e desastres ambientais que t\u00eam sido not\u00edcia nos \u00faltimos anos motivaram as a\u00e7\u00f5es e projetos apresentados por estudantes de 14 escolas municipais de ensino fundamental de Canela, durante o 1\u00ba F\u00f3rum Ecocidadania, realizado nesta ter\u00e7a-feira, dia 25, na sede do Sindicato dos Servidores Municipais. O evento foi realizado pela Prefeitura de Canela, por meio das Secretarias de Meio Ambiente e Urbanismo e de Educa\u00e7\u00e3o, Esporte e Lazer. Cerca de 130 alunos e professores participaram da programa\u00e7\u00e3o, inspirada na Confer\u00eancia Nacional Infantojuvenil pelo Meio Ambiente.<\/p>\n\n\n\n<p>De acordo com a Secretaria de Educa\u00e7\u00e3o, Esporte e Lazer, os estudantes e demais participantes do F\u00f3rum integraram discuss\u00f5es em grupo e apresentaram suas conclus\u00f5es sobre os trabalhos ao final. Os projetos foram constru\u00eddos ao longo do ano e, de acordo com Cristiano, que coordenou o evento, ser\u00e3o um impulso para a cria\u00e7\u00e3o da Comiss\u00e3o de Educa\u00e7\u00e3o e Qualidade de Vida nas escolas, a partir da experi\u00eancia trazida por alunos e professoras da cidade de Taquara que tamb\u00e9m estiveram no encontro<\/p>\n\n\n\n<p>Entre os temas trazidos para o F\u00f3rum estavam os projeto \u201cSalada\u201d da Escola Zeferino Jos\u00e9 Lopes, \u201cP\u00e1tio Limpo: protagonismo estudantil na preserva\u00e7\u00e3o do ambiente escolar\u201d da Escola Jo\u00e3o Alfredo Corr\u00eaa Pinto, \u201cLimpeza Coletiva, Ecobags e Horta Comunit\u00e1ria\u201d da Escola Bertholdo Oppitz, \u201cM\u00e3os \u00e0 obra: construindo um futuro sem eros\u00e3o\u201d da Escola Ernesto Dornelles e \u201cA Horta\u201d da Escola C\u00f4nego Jo\u00e3o Marchesi.<\/p>\n\n\n\n<p>Participaram 14 escolas, sendo elas Bar\u00e3o do Rio Branco, Jo\u00e3o Alfredo Corr\u00eaa Pinto, Dante Bertoluci Bertholdo Oppitz, Machado de Assis, C\u00f4nego Jo\u00e3o Marchesi, Santa Terezinha, Ernesto Dornelles, Severino Travi, Ernesto Dornelles, Noeli Silva de Azevedo e Souza, e C\u00f4nego Jo\u00e3o Marchesi. Duas institui\u00e7\u00f5es de educa\u00e7\u00e3o estaduais tamb\u00e9m acompanharam a programa\u00e7\u00e3o &#8211; as Escolas Neusa Mari Pacheco e Jo\u00e3o Corr\u00eaa, que levaram as bandas marciais como atra\u00e7\u00e3o do F\u00f3rum. Alunos de educand\u00e1rios de Taquara tamb\u00e9m contribu\u00edram.<\/p>\n\n\n\n<p>O vice-prefeito Gilberto Tegner; os secret\u00e1rios de Educa\u00e7\u00e3o, professora Maria Gorete Rodrigues da Silva, e de Meio Ambiente, Carlos Frozi; al\u00e9m do adjunto da \u00e1rea ambiental, Esthalin Moreira, acompanharam as apresenta\u00e7\u00f5es no F\u00f3rum.<\/p>\n\n\n\n<p><strong>Programa Ecocidadania<\/strong><br>O F\u00f3rum Ecocidadania faz parte das a\u00e7\u00f5es do programa Ecocidadania, que \u00e9 uma iniciativa da atual gest\u00e3o municipal para trabalhar a educa\u00e7\u00e3o ambiental com a comunidade escolar e popula\u00e7\u00e3o canelense, tendo como principal plataforma de a\u00e7\u00e3o a Agenda 2030 para o Desenvolvimento Sustent\u00e1vel da ONU. A iniciativa \u00e9 desenvolvida pelas secretarias de Meio Ambiente e Urbanismo e de Educa\u00e7\u00e3o, Esporte e Lazer, seguindo tr\u00eas eixos tem\u00e1ticos: curr\u00edculo, territ\u00f3rio educativo e gest\u00e3o ambiental. O objetivo do programa \u00e9 desenvolver e incentivar pr\u00e1ticas ecologicamente conscientes entre os cidad\u00e3os.<\/p>\n\n\n\n<p><\/p>\n\n\n\n<p><\/p>\n","protected":false},"excerpt":{"rendered":"<p>As crises clim\u00e1ticas e desastres ambientais que t\u00eam sido not\u00edcia nos \u00faltimos anos motivaram as a\u00e7\u00f5es e projetos apresentados por estudantes de 14 escolas municipais de ensino fundamental de Canela, durante o 1\u00ba F\u00f3rum Ecocidadania, realizado nesta ter\u00e7a-feira, dia 25, na sede do Sindicato dos Servidores Municipais. O evento foi realizado pela Prefeitura de Canela, [&hellip;]<\/p>\n","protected":false},"author":3,"featured_media":11256,"comment_status":"open","ping_status":"open","sticky":false,"template":"","format":"standard","meta":{"footnotes":""},"categories":[45],"tags":[],"class_list":["post-11255","post","type-post","status-publish","format-standard","has-post-thumbnail","hentry","category-post_educacao"],"_links":{"self":[{"href":"https:\/\/canela.rs.gov.br\/sitenovo\/wp-json\/wp\/v2\/posts\/11255","targetHints":{"allow":["GET"]}}],"collection":[{"href":"https:\/\/canela.rs.gov.br\/sitenovo\/wp-json\/wp\/v2\/posts"}],"about":[{"href":"https:\/\/canela.rs.gov.br\/sitenovo\/wp-json\/wp\/v2\/types\/post"}],"author":[{"embeddable":true,"href":"https:\/\/canela.rs.gov.br\/sitenovo\/wp-json\/wp\/v2\/users\/3"}],"replies":[{"embeddable":true,"href":"https:\/\/canela.rs.gov.br\/sitenovo\/wp-json\/wp\/v2\/comments?post=11255"}],"version-history":[{"count":1,"href":"https:\/\/canela.rs.gov.br\/sitenovo\/wp-json\/wp\/v2\/posts\/11255\/revisions"}],"predecessor-version":[{"id":11257,"href":"https:\/\/canela.rs.gov.br\/sitenovo\/wp-json\/wp\/v2\/posts\/11255\/revisions\/11257"}],"wp:featuredmedia":[{"embeddable":true,"href":"https:\/\/canela.rs.gov.br\/sitenovo\/wp-json\/wp\/v2\/media\/11256"}],"wp:attachment":[{"href":"https:\/\/canela.rs.gov.br\/sitenovo\/wp-json\/wp\/v2\/media?parent=11255"}],"wp:term":[{"taxonomy":"category","embeddable":true,"href":"https:\/\/canela.rs.gov.br\/sitenovo\/wp-json\/wp\/v2\/categories?post=11255"},{"taxonomy":"post_tag","embeddable":true,"href":"https:\/\/canela.rs.gov.br\/sitenovo\/wp-json\/wp\/v2\/tags?post=11255"}],"curies":[{"name":"wp","href":"https:\/\/api.w.org\/{rel}","templated":true}]}}