{"id":11211,"date":"2025-11-25T17:05:55","date_gmt":"2025-11-25T20:05:55","guid":{"rendered":"https:\/\/canela.rs.gov.br\/sitenovo\/?p=11211"},"modified":"2025-11-25T17:15:13","modified_gmt":"2025-11-25T20:15:13","slug":"turno-estendido-da-ubs-central-e-cancelado-na-tarde-desta-terca-feira","status":"publish","type":"post","link":"https:\/\/canela.rs.gov.br\/sitenovo\/turno-estendido-da-ubs-central-e-cancelado-na-tarde-desta-terca-feira\/","title":{"rendered":"Turno estendido da UBS Central \u00e9 cancelado na tarde desta ter\u00e7a-feira"},"content":{"rendered":"\n<p>A Prefeitura de Canela, por meio da Secretaria de Sa\u00fade, informa que o atendimento do turno estendido da Unidade B\u00e1sica de Sa\u00fade (UBS) Central, que atenderia hoje das 17h \u00e0s 20 horas, foi cancelado devido a um caminh\u00e3o que trafegava pr\u00f3ximo ao local ter atingindo a fia\u00e7\u00e3o, deixando a UBS sem energia el\u00e9trica. O servi\u00e7o, que \u00e9 voltado a atendimentos de casos urgentes e sintomas gripais, funcionando nas segundas, ter\u00e7as e quartas-feiras, deve ocorrer normalmente amanh\u00e3.<br>De acordo com o secret\u00e1rio municipal de Sa\u00fade, Jean Spall, a RGE est\u00e1 trabalhando para restabelecer a energia, que foi atingida , impossibilitando o atendimento.<\/p>\n","protected":false},"excerpt":{"rendered":"<p>A Prefeitura de Canela, por meio da Secretaria de Sa\u00fade, informa que o atendimento do turno estendido da Unidade B\u00e1sica de Sa\u00fade (UBS) Central, que atenderia hoje das 17h \u00e0s 20 horas, foi cancelado devido a um caminh\u00e3o que trafegava pr\u00f3ximo ao local ter atingindo a fia\u00e7\u00e3o, deixando a UBS sem energia el\u00e9trica. O servi\u00e7o, [&hellip;]<\/p>\n","protected":false},"author":3,"featured_media":10668,"comment_status":"open","ping_status":"open","sticky":false,"template":"","format":"standard","meta":{"footnotes":""},"categories":[144],"tags":[],"class_list":["post-11211","post","type-post","status-publish","format-standard","has-post-thumbnail","hentry","category-saude"],"_links":{"self":[{"href":"https:\/\/canela.rs.gov.br\/sitenovo\/wp-json\/wp\/v2\/posts\/11211","targetHints":{"allow":["GET"]}}],"collection":[{"href":"https:\/\/canela.rs.gov.br\/sitenovo\/wp-json\/wp\/v2\/posts"}],"about":[{"href":"https:\/\/canela.rs.gov.br\/sitenovo\/wp-json\/wp\/v2\/types\/post"}],"author":[{"embeddable":true,"href":"https:\/\/canela.rs.gov.br\/sitenovo\/wp-json\/wp\/v2\/users\/3"}],"replies":[{"embeddable":true,"href":"https:\/\/canela.rs.gov.br\/sitenovo\/wp-json\/wp\/v2\/comments?post=11211"}],"version-history":[{"count":3,"href":"https:\/\/canela.rs.gov.br\/sitenovo\/wp-json\/wp\/v2\/posts\/11211\/revisions"}],"predecessor-version":[{"id":11214,"href":"https:\/\/canela.rs.gov.br\/sitenovo\/wp-json\/wp\/v2\/posts\/11211\/revisions\/11214"}],"wp:featuredmedia":[{"embeddable":true,"href":"https:\/\/canela.rs.gov.br\/sitenovo\/wp-json\/wp\/v2\/media\/10668"}],"wp:attachment":[{"href":"https:\/\/canela.rs.gov.br\/sitenovo\/wp-json\/wp\/v2\/media?parent=11211"}],"wp:term":[{"taxonomy":"category","embeddable":true,"href":"https:\/\/canela.rs.gov.br\/sitenovo\/wp-json\/wp\/v2\/categories?post=11211"},{"taxonomy":"post_tag","embeddable":true,"href":"https:\/\/canela.rs.gov.br\/sitenovo\/wp-json\/wp\/v2\/tags?post=11211"}],"curies":[{"name":"wp","href":"https:\/\/api.w.org\/{rel}","templated":true}]}}