{"id":11154,"date":"2025-11-17T17:18:59","date_gmt":"2025-11-17T20:18:59","guid":{"rendered":"https:\/\/canela.rs.gov.br\/sitenovo\/?p=11154"},"modified":"2025-11-17T17:19:00","modified_gmt":"2025-11-17T20:19:00","slug":"escola-de-canela-participa-da-arena-geracao-consciente-etapa-cachoeirinha","status":"publish","type":"post","link":"https:\/\/canela.rs.gov.br\/sitenovo\/escola-de-canela-participa-da-arena-geracao-consciente-etapa-cachoeirinha\/","title":{"rendered":"Escola de Canela participa da Arena Gera\u00e7\u00e3o Consciente, etapa Cachoeirinha"},"content":{"rendered":"\n<p>Um jogo que envolve cultura, educa\u00e7\u00e3o e escolas de todo o Rio Grande do Sul. Essa \u00e9 a Arena Gera\u00e7\u00e3o Consciente, da qual a Escola Pedro Oscar Selbach, do bairro S\u00e3o Jos\u00e9 de Canela, foi selecionada para participar na quarta-feira, dia 12, em Cachoeirinha. A atividade faz parte do programa Gera\u00e7\u00e3o Consciente do Governo do Estado, que visa trabalhar com os estudantes da rede p\u00fablica a aprendizagem socioemocional, a preven\u00e7\u00e3o \u00e0s vulnerabilidades &#8211; como o bullying e as viol\u00eancias -, e a preven\u00e7\u00e3o combinada do HIV &#8211; direitos sexuais e reprodutivos.&nbsp;<\/p>\n\n\n\n<p>A escola canelense foi a \u00fanica da regi\u00e3o a ser selecionada para estar na Arena, competindo em tarefas pensadas para que os estudantes absorvessem conhecimento e pudessem compartilhar no evento, como uma tarde de jogos, brincadeiras, roda de conversa, etc. Com o apoio do Centro Regionalizado de Aten\u00e7\u00e3o Integral e Preven\u00e7\u00e3o (Craip) de Canela e do programa Sa\u00fade na Escola (PSE) nas atividades, a institui\u00e7\u00e3o foi classificada entre as 149 melhores no estado, das mais de 600 participantes, sendo convidada \u00e0 comparecer na etapa de Cachoeirinha junto com outras seis institui\u00e7\u00f5es da Serra e do Litoral, onde conquistou o segundo lugar na classifica\u00e7\u00e3o geral desta fase.<\/p>\n\n\n\n<p>Al\u00e9m da Escola Pedro Oscar Selbach, outras quatro participaram do programa Gera\u00e7\u00e3o Consciente neste primeiro ano em que Canela teve representantes. Nessas escolas, alunos dos 8\u00ba e 9\u00ba anos do ensino fundamental e do 1\u00ba ano do ensino m\u00e9dio desenvolveram atividades e atenderam tarefas, que resultaram na classifica\u00e7\u00e3o de uma das institui\u00e7\u00f5es para a etapa da Arena.<\/p>\n\n\n\n<p>Para a coordenadora do Craip, Caline Andrade, o resultado foi bastante positivo e significa muito para que nos pr\u00f3ximos anos mais escolas da cidade obtenham classifica\u00e7\u00e3o.&nbsp; \u201cS\u00f3 foi poss\u00edvel essa conquista pela dedica\u00e7\u00e3o da diretora Carla Thoen e das professoras Laura Angeli, Indi Seibt e Iara Pacheco, e da equipe do Craip atrav\u00e9s da assistente social Aline Antunes e da psic\u00f3loga M\u00f4nica Boeira, al\u00e9m do apoio indispens\u00e1vel dos secret\u00e1rios de Sa\u00fade, Jean Spall, e do adjunto de Educa\u00e7\u00e3o, Evandro Nunes, e, claro, da confian\u00e7a depositada em nosso trabalho pelo prefeito Gilberto Cezar\u201d, declarou.&nbsp;<\/p>\n\n\n\n<p><strong>Sobre o programa Gera\u00e7\u00e3o Consciente<\/strong><\/p>\n\n\n\n<p>O Gera\u00e7\u00e3o Consciente \u00e9 um programa educativo direcionado&nbsp;aos jovens de 12 a 18 anos, estudantes das escolas p\u00fablicas do Rio Grande do Sul. O objetivo com sua realiza\u00e7\u00e3o \u00e9 promover a sa\u00fade integral e o desenvolvimento socioemocional, utilizando metodologias que transformam atividades educativas em jogos com pontua\u00e7\u00e3o. Entre os temas abordados est\u00e3o a sa\u00fade sexual e reprodutiva, uso de \u00e1lcool e drogas, diversidade, estigma, discrimina\u00e7\u00e3o, viol\u00eancia e bullying.<\/p>\n\n\n\n<p><strong>Arena Gera\u00e7\u00e3o<\/strong><\/p>\n\n\n\n<p>A Arena Gera\u00e7\u00e3o \u00e9 uma etapa do programa que consiste em um jogo cultural e educativo entre escolas da rede p\u00fablica. Por meio de informa\u00e7\u00e3o, di\u00e1logo e reflex\u00e3o cr\u00edtica, o evento busca estimular a consci\u00eancia sobre os principais desafios enfrentados pelos adolescentes.<\/p>\n\n\n\n<p><\/p>\n","protected":false},"excerpt":{"rendered":"<p>Um jogo que envolve cultura, educa\u00e7\u00e3o e escolas de todo o Rio Grande do Sul. Essa \u00e9 a Arena Gera\u00e7\u00e3o Consciente, da qual a Escola Pedro Oscar Selbach, do bairro S\u00e3o Jos\u00e9 de Canela, foi selecionada para participar na quarta-feira, dia 12, em Cachoeirinha. A atividade faz parte do programa Gera\u00e7\u00e3o Consciente do Governo do [&hellip;]<\/p>\n","protected":false},"author":3,"featured_media":11155,"comment_status":"open","ping_status":"open","sticky":false,"template":"","format":"standard","meta":{"footnotes":""},"categories":[144],"tags":[],"class_list":["post-11154","post","type-post","status-publish","format-standard","has-post-thumbnail","hentry","category-saude"],"_links":{"self":[{"href":"https:\/\/canela.rs.gov.br\/sitenovo\/wp-json\/wp\/v2\/posts\/11154","targetHints":{"allow":["GET"]}}],"collection":[{"href":"https:\/\/canela.rs.gov.br\/sitenovo\/wp-json\/wp\/v2\/posts"}],"about":[{"href":"https:\/\/canela.rs.gov.br\/sitenovo\/wp-json\/wp\/v2\/types\/post"}],"author":[{"embeddable":true,"href":"https:\/\/canela.rs.gov.br\/sitenovo\/wp-json\/wp\/v2\/users\/3"}],"replies":[{"embeddable":true,"href":"https:\/\/canela.rs.gov.br\/sitenovo\/wp-json\/wp\/v2\/comments?post=11154"}],"version-history":[{"count":1,"href":"https:\/\/canela.rs.gov.br\/sitenovo\/wp-json\/wp\/v2\/posts\/11154\/revisions"}],"predecessor-version":[{"id":11156,"href":"https:\/\/canela.rs.gov.br\/sitenovo\/wp-json\/wp\/v2\/posts\/11154\/revisions\/11156"}],"wp:featuredmedia":[{"embeddable":true,"href":"https:\/\/canela.rs.gov.br\/sitenovo\/wp-json\/wp\/v2\/media\/11155"}],"wp:attachment":[{"href":"https:\/\/canela.rs.gov.br\/sitenovo\/wp-json\/wp\/v2\/media?parent=11154"}],"wp:term":[{"taxonomy":"category","embeddable":true,"href":"https:\/\/canela.rs.gov.br\/sitenovo\/wp-json\/wp\/v2\/categories?post=11154"},{"taxonomy":"post_tag","embeddable":true,"href":"https:\/\/canela.rs.gov.br\/sitenovo\/wp-json\/wp\/v2\/tags?post=11154"}],"curies":[{"name":"wp","href":"https:\/\/api.w.org\/{rel}","templated":true}]}}