{"id":11102,"date":"2025-11-12T11:49:00","date_gmt":"2025-11-12T14:49:00","guid":{"rendered":"https:\/\/canela.rs.gov.br\/sitenovo\/?p=11102"},"modified":"2025-11-12T11:49:01","modified_gmt":"2025-11-12T14:49:01","slug":"emei-professora-diva-pedroso-da-cunha-celebra-32-anos-de-historia-em-canela","status":"publish","type":"post","link":"https:\/\/canela.rs.gov.br\/sitenovo\/emei-professora-diva-pedroso-da-cunha-celebra-32-anos-de-historia-em-canela\/","title":{"rendered":"EMEI Professora Diva Pedroso da Cunha celebra 32 anos de hist\u00f3ria em Canela"},"content":{"rendered":"\n<p>A Escola Municipal de Educa\u00e7\u00e3o Infantil (EMEI) Professora Diva Pedroso da Cunha completou 32 anos de funcionamento nesta segunda-feira, dia 10, com uma programa\u00e7\u00e3o especial que contou com homenagens a estudantes e familiares, al\u00e9m da presen\u00e7a de autoridades municipais.<\/p>\n\n\n\n<p>Conforme a diretora da institui\u00e7\u00e3o, professora Neli Vitancourt, as comemora\u00e7\u00f5es inclu\u00edram um momento de integra\u00e7\u00e3o com a comunidade escolar, canto de parab\u00e9ns e a entrega de mimos aos familiares.<\/p>\n\n\n\n<p>Localizada no bairro Eug\u00eanio Ferreira, na Rua S\u00e3o Jo\u00e3o, a EMEI Professora Diva Pedroso da Cunha foi inaugurada em 10 de novembro de 1983. A escola integra a Rede Municipal de Ensino de Educa\u00e7\u00e3o Infantil de Canela e \u00e9 mantida pela Secretaria Municipal de Educa\u00e7\u00e3o.<\/p>\n\n\n\n<p>Atualmente, a escola conta com uma equipe formada por 12 professoras, uma atendente social, cinco monitores, um coordenador pedag\u00f3gico, seis auxiliares e uma secret\u00e1ria. A institui\u00e7\u00e3o atende 108 crian\u00e7as, distribu\u00eddas em seis turmas: Ber\u00e7\u00e1rio I, Ber\u00e7\u00e1rio II, Maternal I, Maternal II, Pr\u00e9 I e Pr\u00e9 II.<\/p>\n\n\n\n<p>Entre os principais projetos desenvolvidos pela escola est\u00e3o: Dan\u00e7as Tradicionais Ga\u00fachas, Alimenta\u00e7\u00e3o Saud\u00e1vel, Meio Ambiente e Tampinha Legal, que t\u00eam como objetivo promover uma proposta pedag\u00f3gica voltada \u00e0s reais necessidades das crian\u00e7as, valorizando princ\u00edpios como \u00e9tica, respeito, conviv\u00eancia e cuidado com a natureza.<\/p>\n\n\n\n<p>Participaram da celebra\u00e7\u00e3o de anivers\u00e1rio o vice-prefeito de Canela, Gilberto Tegner, representando o prefeito Gilberto Cezar, o secret\u00e1rio adjunto de Educa\u00e7\u00e3o, Evandro Nunes, e a coordenadora da Educa\u00e7\u00e3o Infantil, Andrisa Caberlon.<\/p>\n\n\n\n<p><\/p>\n\n\n\n<p><\/p>\n","protected":false},"excerpt":{"rendered":"<p>A Escola Municipal de Educa\u00e7\u00e3o Infantil (EMEI) Professora Diva Pedroso da Cunha completou 32 anos de funcionamento nesta segunda-feira, dia 10, com uma programa\u00e7\u00e3o especial que contou com homenagens a estudantes e familiares, al\u00e9m da presen\u00e7a de autoridades municipais. Conforme a diretora da institui\u00e7\u00e3o, professora Neli Vitancourt, as comemora\u00e7\u00f5es inclu\u00edram um momento de integra\u00e7\u00e3o com [&hellip;]<\/p>\n","protected":false},"author":3,"featured_media":11103,"comment_status":"open","ping_status":"open","sticky":false,"template":"","format":"standard","meta":{"footnotes":""},"categories":[45],"tags":[],"class_list":["post-11102","post","type-post","status-publish","format-standard","has-post-thumbnail","hentry","category-post_educacao"],"_links":{"self":[{"href":"https:\/\/canela.rs.gov.br\/sitenovo\/wp-json\/wp\/v2\/posts\/11102","targetHints":{"allow":["GET"]}}],"collection":[{"href":"https:\/\/canela.rs.gov.br\/sitenovo\/wp-json\/wp\/v2\/posts"}],"about":[{"href":"https:\/\/canela.rs.gov.br\/sitenovo\/wp-json\/wp\/v2\/types\/post"}],"author":[{"embeddable":true,"href":"https:\/\/canela.rs.gov.br\/sitenovo\/wp-json\/wp\/v2\/users\/3"}],"replies":[{"embeddable":true,"href":"https:\/\/canela.rs.gov.br\/sitenovo\/wp-json\/wp\/v2\/comments?post=11102"}],"version-history":[{"count":1,"href":"https:\/\/canela.rs.gov.br\/sitenovo\/wp-json\/wp\/v2\/posts\/11102\/revisions"}],"predecessor-version":[{"id":11104,"href":"https:\/\/canela.rs.gov.br\/sitenovo\/wp-json\/wp\/v2\/posts\/11102\/revisions\/11104"}],"wp:featuredmedia":[{"embeddable":true,"href":"https:\/\/canela.rs.gov.br\/sitenovo\/wp-json\/wp\/v2\/media\/11103"}],"wp:attachment":[{"href":"https:\/\/canela.rs.gov.br\/sitenovo\/wp-json\/wp\/v2\/media?parent=11102"}],"wp:term":[{"taxonomy":"category","embeddable":true,"href":"https:\/\/canela.rs.gov.br\/sitenovo\/wp-json\/wp\/v2\/categories?post=11102"},{"taxonomy":"post_tag","embeddable":true,"href":"https:\/\/canela.rs.gov.br\/sitenovo\/wp-json\/wp\/v2\/tags?post=11102"}],"curies":[{"name":"wp","href":"https:\/\/api.w.org\/{rel}","templated":true}]}}