{"id":11040,"date":"2025-11-05T08:53:30","date_gmt":"2025-11-05T11:53:30","guid":{"rendered":"https:\/\/canela.rs.gov.br\/sitenovo\/?p=11040"},"modified":"2025-11-05T15:48:54","modified_gmt":"2025-11-05T18:48:54","slug":"prefeitura-de-canela-entrega-praca-ildo-meneghetti-totalmente-requalificada-a-comunidade","status":"publish","type":"post","link":"https:\/\/canela.rs.gov.br\/sitenovo\/prefeitura-de-canela-entrega-praca-ildo-meneghetti-totalmente-requalificada-a-comunidade\/","title":{"rendered":"Prefeitura de Canela entrega Pra\u00e7a Ildo Meneghetti totalmente requalificada \u00e0 comunidade"},"content":{"rendered":"\n<p><strong><br><\/strong>A revitaliza\u00e7\u00e3o da Pra\u00e7a Ildo Meneghetti foi inaugurada oficialmente nesta ter\u00e7a-feira, dia 4, ap\u00f3s passar por uma requalifica\u00e7\u00e3o total promovida pela Prefeitura de Canela. A entrega \u00e0 comunidade foi feita pelo prefeito Gilberto Cezar, que na oportunidade destacou a import\u00e2ncia das melhorias para que a comunidade do bairro Boeira recebesse uma \u00e1rea de lazer renovada e com qualidade. Ao total, foram investidos mais de R$ 443 mil de recursos p\u00fablicos no projeto, que foi o primeiro iniciado e entregue na atual administra\u00e7\u00e3o municipal.<br>Na oportunidade, o prefeito destacou que a requalifica\u00e7\u00e3o da Pra\u00e7a do bairro Boeira era um compromisso assumido no in\u00edcio da sua gest\u00e3o, e que essa entrega \u00e9 apenas a primeira de muitas que j\u00e1 est\u00e3o em processo de licita\u00e7\u00e3o e vir\u00e3o no pr\u00f3ximo ano. \u201cNos comprometemos em entregar espa\u00e7os com qualidade nos bairros da nossa cidade, e tivemos a felicidade de que o primeiro lugar inaugurado seja aqui no bairro Boeira. O pr\u00f3ximo ano ser\u00e1 de muitas obras e mais entregas em Canela\u201d, afirmou.<br>O chefe do Executivo canelense tamb\u00e9m agradeceu e exaltou a presen\u00e7a da ex-vereadora e ex-presidente da associa\u00e7\u00e3o de moradores da localidade, Marlene Bohrer, que muito trabalhou para que esse espa\u00e7o de lazer recebesse a aten\u00e7\u00e3o merecida pela comunidade.<br>As obras da pra\u00e7a, localizada no entroncamento das avenidas Marechal Castelo Branco e Marechal Costa e Silva, come\u00e7aram ainda no primeiro semestre deste ano, ap\u00f3s a assinatura do contrato com a empresa vencedora da licita\u00e7\u00e3o, a Alpen Haus Constru\u00e7\u00f5es Ltda, em janeiro. A reforma da pra\u00e7a era uma solicita\u00e7\u00e3o antiga dos moradores, que pediam por um espa\u00e7o apropriado em que as fam\u00edlias pudessem conviver e as crian\u00e7as brincarem.<br>Para a requalifica\u00e7\u00e3o da \u00e1rea de lazer, o Munic\u00edpio contou com emenda encaminhada pelo deputado federal Lucas Redecker no valor de R$ 350 mil, al\u00e9m de um recurso livre que alcan\u00e7a R$ 93 mil, totalizando R$ 443 mil de investimento p\u00fablico.<br>Al\u00e9m do prefeito e Marlene, participaram do ato de descerramento da fita inaugural, o secret\u00e1rio de Obras, Servi\u00e7os Urbanos e Agricultura de Canela, C\u00e9sar Prux, e o presidente do Legislativo, vereador Felipe Caputo. Demais secret\u00e1rios municipais, vereadores, imprensa e moradores do bairro Boeira participaram da cerim\u00f4nia na tarde desta ter\u00e7a.<br>A revitaliza\u00e7\u00e3o da pra\u00e7a refor\u00e7a o compromisso da administra\u00e7\u00e3o municipal com a valoriza\u00e7\u00e3o dos espa\u00e7os p\u00fablicos e o fortalecimento da infraestrutura urbana. A iniciativa demonstra o cuidado em promover ambientes seguros, funcionais e acess\u00edveis, que estimulem a conviv\u00eancia social e o uso respons\u00e1vel dos bens coletivos. Trata-se de mais uma a\u00e7\u00e3o que integra o planejamento do governo voltado \u00e0 qualidade de vida da popula\u00e7\u00e3o e ao desenvolvimento equilibrado dos bairros de Canela.<\/p>\n\n\n\n<p><strong>Nova estrutura<\/strong><br>A nova Pra\u00e7a Ildo Meneghetti foi contemplada com quadra de areia, espa\u00e7o para brinquedos, conjunto de sanit\u00e1rios, pergolado, piso em basalto, mobili\u00e1rios como bancos e lixeiras. Durante a inaugura\u00e7\u00e3o, o prefeito Gilberto Cezar destacou, ainda, que ser\u00e3o plantadas esp\u00e9cies arb\u00f3reas que possam se espalhar pelo pergolado e gerar sombra, oferecendo maior conforto t\u00e9rmico aos usu\u00e1rios.<br>A Secretaria de Obras, Servi\u00e7os Urbanos e Agricultura tamb\u00e9m colaborou nas \u00e1reas ajardinadas do espa\u00e7o, com o plantio de 1.250 metros de grama, vegeta\u00e7\u00f5es de pequeno porte e flores do tipo \u201calegria de jardim\u201d.<\/p>\n\n\n\n<p><em><br><\/em><\/p>\n","protected":false},"excerpt":{"rendered":"<p>A revitaliza\u00e7\u00e3o da Pra\u00e7a Ildo Meneghetti foi inaugurada oficialmente nesta ter\u00e7a-feira, dia 4, ap\u00f3s passar por uma requalifica\u00e7\u00e3o total promovida pela Prefeitura de Canela. A entrega \u00e0 comunidade foi feita pelo prefeito Gilberto Cezar, que na oportunidade destacou a import\u00e2ncia das melhorias para que a comunidade do bairro Boeira recebesse uma \u00e1rea de lazer renovada [&hellip;]<\/p>\n","protected":false},"author":3,"featured_media":11041,"comment_status":"open","ping_status":"open","sticky":false,"template":"","format":"standard","meta":{"footnotes":""},"categories":[53],"tags":[],"class_list":["post-11040","post","type-post","status-publish","format-standard","has-post-thumbnail","hentry","category-post_obras"],"_links":{"self":[{"href":"https:\/\/canela.rs.gov.br\/sitenovo\/wp-json\/wp\/v2\/posts\/11040","targetHints":{"allow":["GET"]}}],"collection":[{"href":"https:\/\/canela.rs.gov.br\/sitenovo\/wp-json\/wp\/v2\/posts"}],"about":[{"href":"https:\/\/canela.rs.gov.br\/sitenovo\/wp-json\/wp\/v2\/types\/post"}],"author":[{"embeddable":true,"href":"https:\/\/canela.rs.gov.br\/sitenovo\/wp-json\/wp\/v2\/users\/3"}],"replies":[{"embeddable":true,"href":"https:\/\/canela.rs.gov.br\/sitenovo\/wp-json\/wp\/v2\/comments?post=11040"}],"version-history":[{"count":1,"href":"https:\/\/canela.rs.gov.br\/sitenovo\/wp-json\/wp\/v2\/posts\/11040\/revisions"}],"predecessor-version":[{"id":11042,"href":"https:\/\/canela.rs.gov.br\/sitenovo\/wp-json\/wp\/v2\/posts\/11040\/revisions\/11042"}],"wp:featuredmedia":[{"embeddable":true,"href":"https:\/\/canela.rs.gov.br\/sitenovo\/wp-json\/wp\/v2\/media\/11041"}],"wp:attachment":[{"href":"https:\/\/canela.rs.gov.br\/sitenovo\/wp-json\/wp\/v2\/media?parent=11040"}],"wp:term":[{"taxonomy":"category","embeddable":true,"href":"https:\/\/canela.rs.gov.br\/sitenovo\/wp-json\/wp\/v2\/categories?post=11040"},{"taxonomy":"post_tag","embeddable":true,"href":"https:\/\/canela.rs.gov.br\/sitenovo\/wp-json\/wp\/v2\/tags?post=11040"}],"curies":[{"name":"wp","href":"https:\/\/api.w.org\/{rel}","templated":true}]}}