{"id":10963,"date":"2025-11-03T14:59:28","date_gmt":"2025-11-03T17:59:28","guid":{"rendered":"https:\/\/canela.rs.gov.br\/sitenovo\/?p=10963"},"modified":"2025-11-03T14:59:29","modified_gmt":"2025-11-03T17:59:29","slug":"pse-garante-participacao-de-escola-de-canela-na-arena-do-programa-geracao-consciente","status":"publish","type":"post","link":"https:\/\/canela.rs.gov.br\/sitenovo\/pse-garante-participacao-de-escola-de-canela-na-arena-do-programa-geracao-consciente\/","title":{"rendered":"PSE garante participa\u00e7\u00e3o de escola de Canela na Arena do Programa Gera\u00e7\u00e3o Consciente"},"content":{"rendered":"\n<p>Por meio de uma iniciativa da Secretaria de Sa\u00fade de Canela, atrav\u00e9s do Programa Sa\u00fade na Escola (PSE), a Escola Estadual Pedro Oscar Selbach representar\u00e1 o munic\u00edpio na Arena do Programa Gera\u00e7\u00e3o Consciente, que ser\u00e1 realizada no dia 12 de novembro, em Cachoeirinha (RS).<\/p>\n\n\n\n<p>O evento \u00e9 promovido pela Secretaria Estadual da Sa\u00fade (SES) e pela Secretaria Estadual da Educa\u00e7\u00e3o (Seduc), com apoio da Unesco, do Programa RS Seguro e do Unaids.<\/p>\n\n\n\n<p>Em Canela, a Secretaria Municipal de Sa\u00fade atuou como pilar central do projeto, em parceria com a Secretaria Municipal de Educa\u00e7\u00e3o, Esporte e Lazer, desenvolvendo a\u00e7\u00f5es de educa\u00e7\u00e3o em sa\u00fade voltadas a adolescentes, com foco em informa\u00e7\u00e3o, reflex\u00e3o cr\u00edtica e preven\u00e7\u00e3o. A iniciativa, integrada ao PSE, tem como objetivo fortalecer o cuidado integral e abordar temas como direitos sexuais e reprodutivos, preven\u00e7\u00e3o ao uso de drogas, sa\u00fade mental, combate ao estigma e \u00e0 discrimina\u00e7\u00e3o, al\u00e9m da preven\u00e7\u00e3o de viol\u00eancias.<\/p>\n\n\n\n<p>No munic\u00edpio, cinco escolas participaram das atividades do programa, e a Escola Pedro Oscar Selbach foi selecionada para representar Canela na etapa estadual, a Arena Gera\u00e7\u00e3o Consciente.<\/p>\n\n\n\n<p>A a\u00e7\u00e3o local contou com a organiza\u00e7\u00e3o da enfermeira Caline Bianchi Andrade, da assistente social Aline Antunes e da psic\u00f3loga M\u00f4nica Boeira, em parceria com as educadoras Laura Cardoso Angeli, Indiara Seibt e Iara Palhano da Silva, sob a coordena\u00e7\u00e3o da diretora Carla Thoen.&nbsp;<\/p>\n\n\n\n<p>\u201cO prop\u00f3sito \u00e9 formar jovens mais conscientes sobre sua sa\u00fade f\u00edsica e mental, capacitando-os a tomar decis\u00f5es mais saud\u00e1veis em suas vidas\u201d, destaca a enfermeira Caline Bianchi.<\/p>\n\n\n\n<p><strong>Sobre o Programa<\/strong><\/p>\n\n\n\n<p>O Gera\u00e7\u00e3o Consciente \u00e9 um programa educativo voltado a jovens de 12 a 18 anos das escolas p\u00fablicas do Rio Grande do Sul. Seu objetivo \u00e9 promover a sa\u00fade integral e o desenvolvimento socioemocional, utilizando metodologias de gamifica\u00e7\u00e3o, que transformam atividades educativas em jogos com pontua\u00e7\u00e3o. Entre os temas abordados est\u00e3o sa\u00fade sexual e reprodutiva, uso de \u00e1lcool e drogas, diversidade, estigma, discrimina\u00e7\u00e3o, viol\u00eancia e bullying.<\/p>\n\n\n\n<p><strong>Arena Gera\u00e7\u00e3o<\/strong><\/p>\n\n\n\n<p>A Arena Gera\u00e7\u00e3o \u00e9 uma etapa do programa que consiste em um jogo cultural e educativo entre escolas da rede p\u00fablica estadual, promovendo diversas atividades. Por meio de informa\u00e7\u00e3o, di\u00e1logo e reflex\u00e3o cr\u00edtica, o evento busca estimular a consci\u00eancia sobre os principais desafios enfrentados pelos adolescentes.<\/p>\n\n\n\n<p><strong>Premia\u00e7\u00e3o<\/strong><\/p>\n\n\n\n<p>As cinco escolas com maior pontua\u00e7\u00e3o durante o evento ser\u00e3o premiadas com valores em dinheiro e atividades de confraterniza\u00e7\u00e3o. O pr\u00eamio de maior valor chega a 10 mil reais e os recursos poder\u00e3o ser utilizados para aquisi\u00e7\u00e3o de bens e\/ou servi\u00e7os previstos no plano de trabalho das escolas vencedoras.<\/p>\n\n\n\n<p><\/p>\n","protected":false},"excerpt":{"rendered":"<p>Por meio de uma iniciativa da Secretaria de Sa\u00fade de Canela, atrav\u00e9s do Programa Sa\u00fade na Escola (PSE), a Escola Estadual Pedro Oscar Selbach representar\u00e1 o munic\u00edpio na Arena do Programa Gera\u00e7\u00e3o Consciente, que ser\u00e1 realizada no dia 12 de novembro, em Cachoeirinha (RS). O evento \u00e9 promovido pela Secretaria Estadual da Sa\u00fade (SES) e [&hellip;]<\/p>\n","protected":false},"author":3,"featured_media":10964,"comment_status":"open","ping_status":"open","sticky":false,"template":"","format":"standard","meta":{"footnotes":""},"categories":[144],"tags":[],"class_list":["post-10963","post","type-post","status-publish","format-standard","has-post-thumbnail","hentry","category-saude"],"_links":{"self":[{"href":"https:\/\/canela.rs.gov.br\/sitenovo\/wp-json\/wp\/v2\/posts\/10963","targetHints":{"allow":["GET"]}}],"collection":[{"href":"https:\/\/canela.rs.gov.br\/sitenovo\/wp-json\/wp\/v2\/posts"}],"about":[{"href":"https:\/\/canela.rs.gov.br\/sitenovo\/wp-json\/wp\/v2\/types\/post"}],"author":[{"embeddable":true,"href":"https:\/\/canela.rs.gov.br\/sitenovo\/wp-json\/wp\/v2\/users\/3"}],"replies":[{"embeddable":true,"href":"https:\/\/canela.rs.gov.br\/sitenovo\/wp-json\/wp\/v2\/comments?post=10963"}],"version-history":[{"count":1,"href":"https:\/\/canela.rs.gov.br\/sitenovo\/wp-json\/wp\/v2\/posts\/10963\/revisions"}],"predecessor-version":[{"id":10965,"href":"https:\/\/canela.rs.gov.br\/sitenovo\/wp-json\/wp\/v2\/posts\/10963\/revisions\/10965"}],"wp:featuredmedia":[{"embeddable":true,"href":"https:\/\/canela.rs.gov.br\/sitenovo\/wp-json\/wp\/v2\/media\/10964"}],"wp:attachment":[{"href":"https:\/\/canela.rs.gov.br\/sitenovo\/wp-json\/wp\/v2\/media?parent=10963"}],"wp:term":[{"taxonomy":"category","embeddable":true,"href":"https:\/\/canela.rs.gov.br\/sitenovo\/wp-json\/wp\/v2\/categories?post=10963"},{"taxonomy":"post_tag","embeddable":true,"href":"https:\/\/canela.rs.gov.br\/sitenovo\/wp-json\/wp\/v2\/tags?post=10963"}],"curies":[{"name":"wp","href":"https:\/\/api.w.org\/{rel}","templated":true}]}}