{"id":10922,"date":"2025-10-30T11:43:45","date_gmt":"2025-10-30T14:43:45","guid":{"rendered":"https:\/\/canela.rs.gov.br\/sitenovo\/?p=10922"},"modified":"2025-10-30T11:43:46","modified_gmt":"2025-10-30T14:43:46","slug":"mais-de-100-bolsas-foram-coletadas-na-segunda-edicao-da-campanha-de-doacao-de-sangue-em-canela","status":"publish","type":"post","link":"https:\/\/canela.rs.gov.br\/sitenovo\/mais-de-100-bolsas-foram-coletadas-na-segunda-edicao-da-campanha-de-doacao-de-sangue-em-canela\/","title":{"rendered":"Mais de 100 bolsas foram coletadas na segunda edi\u00e7\u00e3o da campanha de doa\u00e7\u00e3o de sangue em Canela"},"content":{"rendered":"\n<p>Amor ao pr\u00f3ximo, conscientiza\u00e7\u00e3o e empatia foram os sentimentos que motivaram os volunt\u00e1rios que participaram da 2\u00aa Campanha de Doa\u00e7\u00e3o de Sangue, promovida em parceria da Secretaria de Sa\u00fade de Canela com a Igreja de Jesus Cristo dos Santos dos \u00daltimos Dias.<\/p>\n\n\n\n<p>A coleta ocorreu nesta quarta-feira, dia 29, e as 105 bolsas arrecadadas ser\u00e3o encaminhadas ao Hemocentro Regional de Caxias do Sul (HEMOCS). Atualmente, o HEMOCS atende 100% dos leitos do SUS nos 49 munic\u00edpios da Regi\u00e3o Nordeste do Rio Grande do Sul, incluindo Canela.<\/p>\n\n\n\n<p>\u201cQueremos conscientizar e sensibilizar a comunidade a doar sangue sempre que poss\u00edvel. Al\u00e9m de salvar at\u00e9 quatro vidas por doa\u00e7\u00e3o, o doador tamb\u00e9m ganha em sa\u00fade, pois ap\u00f3s a coleta ocorre a renova\u00e7\u00e3o celular sangu\u00ednea\u201d, explica C\u00e1tia Guimar\u00e3es, chefe da equipe de enfermagem do Hemocentro. Ela destaca, ainda, que al\u00e9m dos leitos hospitalares o Hemocentro \u00e9 respons\u00e1vel pelo abastecimento das ag\u00eancias transfusionais regionais, sendo a mais pr\u00f3xima localizada em Gramado. Essas ag\u00eancias realizam a estocagem das bolsas de sangue e hemocomponentes, bem como a reserva e distribui\u00e7\u00e3o para as unidades de sa\u00fade da regi\u00e3o.<\/p>\n\n\n\n<p>Para Fabiana Brolese Resler, de 50 anos e doadora h\u00e1 mais de 30, o gesto \u00e9 um ato de cidadania. Ela esteve na a\u00e7\u00e3o dando sua contribui\u00e7\u00e3o. \u201cDoar sangue \u00e9 um compromisso social. \u00c9 salvar vidas\u201d, afirma.<\/p>\n\n\n\n<p>O secret\u00e1rio adjunto da Sa\u00fade, Emanoel Messias Morais, comemorou o sucesso da a\u00e7\u00e3o e adiantou que novas campanhas j\u00e1 est\u00e3o sendo planejadas, em parceria com o HEMOCS, para o ano de 2026.<\/p>\n\n\n\n<p><\/p>\n\n\n\n<p><\/p>\n","protected":false},"excerpt":{"rendered":"<p>Amor ao pr\u00f3ximo, conscientiza\u00e7\u00e3o e empatia foram os sentimentos que motivaram os volunt\u00e1rios que participaram da 2\u00aa Campanha de Doa\u00e7\u00e3o de Sangue, promovida em parceria da Secretaria de Sa\u00fade de Canela com a Igreja de Jesus Cristo dos Santos dos \u00daltimos Dias. A coleta ocorreu nesta quarta-feira, dia 29, e as 105 bolsas arrecadadas ser\u00e3o [&hellip;]<\/p>\n","protected":false},"author":3,"featured_media":10923,"comment_status":"open","ping_status":"open","sticky":false,"template":"","format":"standard","meta":{"footnotes":""},"categories":[144],"tags":[],"class_list":["post-10922","post","type-post","status-publish","format-standard","has-post-thumbnail","hentry","category-saude"],"_links":{"self":[{"href":"https:\/\/canela.rs.gov.br\/sitenovo\/wp-json\/wp\/v2\/posts\/10922","targetHints":{"allow":["GET"]}}],"collection":[{"href":"https:\/\/canela.rs.gov.br\/sitenovo\/wp-json\/wp\/v2\/posts"}],"about":[{"href":"https:\/\/canela.rs.gov.br\/sitenovo\/wp-json\/wp\/v2\/types\/post"}],"author":[{"embeddable":true,"href":"https:\/\/canela.rs.gov.br\/sitenovo\/wp-json\/wp\/v2\/users\/3"}],"replies":[{"embeddable":true,"href":"https:\/\/canela.rs.gov.br\/sitenovo\/wp-json\/wp\/v2\/comments?post=10922"}],"version-history":[{"count":1,"href":"https:\/\/canela.rs.gov.br\/sitenovo\/wp-json\/wp\/v2\/posts\/10922\/revisions"}],"predecessor-version":[{"id":10924,"href":"https:\/\/canela.rs.gov.br\/sitenovo\/wp-json\/wp\/v2\/posts\/10922\/revisions\/10924"}],"wp:featuredmedia":[{"embeddable":true,"href":"https:\/\/canela.rs.gov.br\/sitenovo\/wp-json\/wp\/v2\/media\/10923"}],"wp:attachment":[{"href":"https:\/\/canela.rs.gov.br\/sitenovo\/wp-json\/wp\/v2\/media?parent=10922"}],"wp:term":[{"taxonomy":"category","embeddable":true,"href":"https:\/\/canela.rs.gov.br\/sitenovo\/wp-json\/wp\/v2\/categories?post=10922"},{"taxonomy":"post_tag","embeddable":true,"href":"https:\/\/canela.rs.gov.br\/sitenovo\/wp-json\/wp\/v2\/tags?post=10922"}],"curies":[{"name":"wp","href":"https:\/\/api.w.org\/{rel}","templated":true}]}}