{"id":10861,"date":"2025-10-28T17:37:34","date_gmt":"2025-10-28T20:37:34","guid":{"rendered":"https:\/\/canela.rs.gov.br\/sitenovo\/?p=10861"},"modified":"2025-10-28T17:37:36","modified_gmt":"2025-10-28T20:37:36","slug":"prefeitura-de-canela-renova-paisagismo-e-deixa-a-cidade-ainda-mais-colorida-na-primavera","status":"publish","type":"post","link":"https:\/\/canela.rs.gov.br\/sitenovo\/prefeitura-de-canela-renova-paisagismo-e-deixa-a-cidade-ainda-mais-colorida-na-primavera\/","title":{"rendered":"Prefeitura de Canela renova paisagismo e deixa a cidade ainda mais colorida na primavera"},"content":{"rendered":"\n<p><br>Os canteiros de Canela e de pontos tur\u00edsticos como a Catedral de Pedra e a Pra\u00e7a Jo\u00e3o Corr\u00eaa ganham ainda mais encanto e colorido com o in\u00edcio da primavera. Nesta \u00e9poca, a Prefeitura, por meio da Secretaria de Obras, Servi\u00e7os Urbanos e Agricultura, realiza a renova\u00e7\u00e3o do paisagismo da cidade com o plantio de flores t\u00edpicas da esta\u00e7\u00e3o.<br>Durante o inverno e, agora, na primavera, o colorido das flores toma conta das r\u00f3tulas e canteiros das principais avenidas como Osvaldo Aranha, J\u00falio de Castilhos e Felisberto Soares. A Pra\u00e7a da Matriz, um dos pontos mais visitados no munic\u00edpio, tamb\u00e9m recebeu aten\u00e7\u00e3o especial. Os canteiros da Pra\u00e7a Jo\u00e3o Corr\u00eaa \u2014 que abriga os fornos coloniais e os principais eventos do munic\u00edpio \u2014, assim como o jardim em frente ao pr\u00e9dio da Prefeitura, tamb\u00e9m foram contemplados com o novo paisagismo.<br>Conforme o secret\u00e1rio de Obras, C\u00e9sar Prux, foram utilizadas 4,5 mil caixas de flores nas duas esta\u00e7\u00f5es para a manuten\u00e7\u00e3o dos jardins, sendo 2,5 mil no inverno e 2 mil na primavera. Entre as variedades plantadas est\u00e3o gaz\u00e2nias, cravinas, amores-perfeitos e bocas-de-le\u00e3o.<br>O prefeito Gilberto Cezar destaca a relev\u00e2ncia do trabalho de embelezamento da cidade. \u201cCanela tem voca\u00e7\u00e3o tur\u00edstica e recebe milhares de visitantes em todas as esta\u00e7\u00f5es. Por isso, \u00e9 fundamental garantir a limpeza e o embelezamento dos jardins, tornando o centro ainda mais bonito e acolhedor\u201d, afirma.<br>De acordo com a Secretaria de Obras, para o ver\u00e3o est\u00e1 previsto o plantio de mais 5 mil caixas de flores, com esp\u00e9cies como alegria-de-jardim, impatiens e alyssum branco, que continuar\u00e3o levando cor e vida aos espa\u00e7os p\u00fablicos da cidade.<\/p>\n\n\n\n<p><\/p>\n","protected":false},"excerpt":{"rendered":"<p>Os canteiros de Canela e de pontos tur\u00edsticos como a Catedral de Pedra e a Pra\u00e7a Jo\u00e3o Corr\u00eaa ganham ainda mais encanto e colorido com o in\u00edcio da primavera. Nesta \u00e9poca, a Prefeitura, por meio da Secretaria de Obras, Servi\u00e7os Urbanos e Agricultura, realiza a renova\u00e7\u00e3o do paisagismo da cidade com o plantio de flores [&hellip;]<\/p>\n","protected":false},"author":3,"featured_media":10862,"comment_status":"open","ping_status":"open","sticky":false,"template":"","format":"standard","meta":{"footnotes":""},"categories":[53],"tags":[],"class_list":["post-10861","post","type-post","status-publish","format-standard","has-post-thumbnail","hentry","category-post_obras"],"_links":{"self":[{"href":"https:\/\/canela.rs.gov.br\/sitenovo\/wp-json\/wp\/v2\/posts\/10861","targetHints":{"allow":["GET"]}}],"collection":[{"href":"https:\/\/canela.rs.gov.br\/sitenovo\/wp-json\/wp\/v2\/posts"}],"about":[{"href":"https:\/\/canela.rs.gov.br\/sitenovo\/wp-json\/wp\/v2\/types\/post"}],"author":[{"embeddable":true,"href":"https:\/\/canela.rs.gov.br\/sitenovo\/wp-json\/wp\/v2\/users\/3"}],"replies":[{"embeddable":true,"href":"https:\/\/canela.rs.gov.br\/sitenovo\/wp-json\/wp\/v2\/comments?post=10861"}],"version-history":[{"count":1,"href":"https:\/\/canela.rs.gov.br\/sitenovo\/wp-json\/wp\/v2\/posts\/10861\/revisions"}],"predecessor-version":[{"id":10863,"href":"https:\/\/canela.rs.gov.br\/sitenovo\/wp-json\/wp\/v2\/posts\/10861\/revisions\/10863"}],"wp:featuredmedia":[{"embeddable":true,"href":"https:\/\/canela.rs.gov.br\/sitenovo\/wp-json\/wp\/v2\/media\/10862"}],"wp:attachment":[{"href":"https:\/\/canela.rs.gov.br\/sitenovo\/wp-json\/wp\/v2\/media?parent=10861"}],"wp:term":[{"taxonomy":"category","embeddable":true,"href":"https:\/\/canela.rs.gov.br\/sitenovo\/wp-json\/wp\/v2\/categories?post=10861"},{"taxonomy":"post_tag","embeddable":true,"href":"https:\/\/canela.rs.gov.br\/sitenovo\/wp-json\/wp\/v2\/tags?post=10861"}],"curies":[{"name":"wp","href":"https:\/\/api.w.org\/{rel}","templated":true}]}}