{"id":10777,"date":"2025-10-20T14:23:34","date_gmt":"2025-10-20T17:23:34","guid":{"rendered":"https:\/\/canela.rs.gov.br\/sitenovo\/?p=10777"},"modified":"2025-10-20T14:25:29","modified_gmt":"2025-10-20T17:25:29","slug":"10777-2","status":"publish","type":"post","link":"https:\/\/canela.rs.gov.br\/sitenovo\/10777-2\/","title":{"rendered":"Campanha de Multivacina\u00e7\u00e3o para crian\u00e7as e adolescentes segue at\u00e9 31 de outubro"},"content":{"rendered":"\n<p><\/p>\n\n\n\n<p>A chuva que caiu sobre Canela no s\u00e1bado, dia 18, n\u00e3o foi suficiente para afastar 114 crian\u00e7as e adolescentes menores de 15 anos das unidades b\u00e1sicas de b\u00e1sica, onde aconteceu o Dia D da Campanha de Multivacina\u00e7\u00e3o. Pais e respons\u00e1veis pelos menores levaram seus filhos, netos e sobrinhos para garantir a prote\u00e7\u00e3o contra diversas doen\u00e7as previstas no Calend\u00e1rio Nacional de Vacina\u00e7\u00e3o. Quem n\u00e3o pode comparecer, t\u00eam at\u00e9 o dia 31 de outubro, prazo final da a\u00e7\u00e3o de imuniza\u00e7\u00e3o em todo o pa\u00eds para atualizar a carteira de vacinas.<\/p>\n\n\n\n<p>A coordenadora da Vigil\u00e2ncia Epidemiol\u00f3gica de Canela, Magali Cavinato, destaca que houve menos procura pela vacina\u00e7\u00e3o no s\u00e1bado em fun\u00e7\u00e3o do tempo inst\u00e1vel, mas que a popula\u00e7\u00e3o ainda tem tempo, at\u00e9 o final deste m\u00eas, para comparecer aos postos. \u201cO Dia D ofereceu um hor\u00e1rio alternativo \u00e0s pessoas que trabalham durante a semana. Quem ainda precisa levar crian\u00e7as e adolescentes para vacinar, pode aproveitar tamb\u00e9m o turno estendido nas unidades Central e S\u00e3o Luiz, quando as salas de vacinas est\u00e3o abertas\u201d, informa a enfermeira.<\/p>\n\n\n\n<p>Importante refor\u00e7ar que para proceder com a vacina\u00e7\u00e3o, \u00e9 preciso apresentar o Cart\u00e3o SUS e a carteira de vacinas no ato.&nbsp;<\/p>\n\n\n\n<p>O Calend\u00e1rio Nacional de Imuniza\u00e7\u00e3o prev\u00ea vacinas que fornecem prote\u00e7\u00e3o contra uma s\u00e9rie de doen\u00e7as, e garantir que as crian\u00e7as e adolescentes tenham essa prote\u00e7\u00e3o extra \u00e9 tamb\u00e9m uma forma de cuidado.&nbsp;<\/p>\n\n\n\n<p><strong>Dias e hor\u00e1rios da salas de vacina:<\/strong><\/p>\n\n\n\n<p>Unidades B\u00e1sicas de Sa\u00fade com salas de vacina: UBS Canelinha, Leodoro de Azevedo, Central, S\u00e3o Luiz e Santa Marta &#8211; Atendimento das 7h30 \u00e0s 11 horas e das 13 \u00e0s 16 horas.&nbsp;<\/p>\n\n\n\n<p>A sala de vacinas da UBS Central tamb\u00e9m atende em turno estendido de segunda a quarta-feira, das 17 \u00e0s 20 horas. J\u00e1 a Sala de Vacinas da UBS S\u00e3o Luiz atende em hor\u00e1rio alternativo \u00e0s quintas-feiras, tamb\u00e9m das 17 \u00e0s 20 horas.<\/p>\n\n\n\n<p><\/p>\n\n\n\n<p><\/p>\n","protected":false},"excerpt":{"rendered":"<p>A chuva que caiu sobre Canela no s\u00e1bado, dia 18, n\u00e3o foi suficiente para afastar 114 crian\u00e7as e adolescentes menores de 15 anos das unidades b\u00e1sicas de b\u00e1sica, onde aconteceu o Dia D da Campanha de Multivacina\u00e7\u00e3o. Pais e respons\u00e1veis pelos menores levaram seus filhos, netos e sobrinhos para garantir a prote\u00e7\u00e3o contra diversas doen\u00e7as [&hellip;]<\/p>\n","protected":false},"author":3,"featured_media":10778,"comment_status":"open","ping_status":"open","sticky":false,"template":"","format":"standard","meta":{"footnotes":""},"categories":[144],"tags":[],"class_list":["post-10777","post","type-post","status-publish","format-standard","has-post-thumbnail","hentry","category-saude"],"_links":{"self":[{"href":"https:\/\/canela.rs.gov.br\/sitenovo\/wp-json\/wp\/v2\/posts\/10777","targetHints":{"allow":["GET"]}}],"collection":[{"href":"https:\/\/canela.rs.gov.br\/sitenovo\/wp-json\/wp\/v2\/posts"}],"about":[{"href":"https:\/\/canela.rs.gov.br\/sitenovo\/wp-json\/wp\/v2\/types\/post"}],"author":[{"embeddable":true,"href":"https:\/\/canela.rs.gov.br\/sitenovo\/wp-json\/wp\/v2\/users\/3"}],"replies":[{"embeddable":true,"href":"https:\/\/canela.rs.gov.br\/sitenovo\/wp-json\/wp\/v2\/comments?post=10777"}],"version-history":[{"count":2,"href":"https:\/\/canela.rs.gov.br\/sitenovo\/wp-json\/wp\/v2\/posts\/10777\/revisions"}],"predecessor-version":[{"id":10783,"href":"https:\/\/canela.rs.gov.br\/sitenovo\/wp-json\/wp\/v2\/posts\/10777\/revisions\/10783"}],"wp:featuredmedia":[{"embeddable":true,"href":"https:\/\/canela.rs.gov.br\/sitenovo\/wp-json\/wp\/v2\/media\/10778"}],"wp:attachment":[{"href":"https:\/\/canela.rs.gov.br\/sitenovo\/wp-json\/wp\/v2\/media?parent=10777"}],"wp:term":[{"taxonomy":"category","embeddable":true,"href":"https:\/\/canela.rs.gov.br\/sitenovo\/wp-json\/wp\/v2\/categories?post=10777"},{"taxonomy":"post_tag","embeddable":true,"href":"https:\/\/canela.rs.gov.br\/sitenovo\/wp-json\/wp\/v2\/tags?post=10777"}],"curies":[{"name":"wp","href":"https:\/\/api.w.org\/{rel}","templated":true}]}}