{"id":10774,"date":"2025-10-20T11:58:35","date_gmt":"2025-10-20T14:58:35","guid":{"rendered":"https:\/\/canela.rs.gov.br\/sitenovo\/?p=10774"},"modified":"2025-10-23T15:25:23","modified_gmt":"2025-10-23T18:25:23","slug":"brincarte-escolas-infantis-de-canela-apresentam-espetaculo-artistico-no-teatro-municipal","status":"publish","type":"post","link":"https:\/\/canela.rs.gov.br\/sitenovo\/brincarte-escolas-infantis-de-canela-apresentam-espetaculo-artistico-no-teatro-municipal\/","title":{"rendered":"Brincarte: escolas infantis de Canela apresentam espet\u00e1culo art\u00edstico no Teatro Municipal"},"content":{"rendered":"\n<p>A partir desta segunda-feira, dia 20, o Teatro Municipal de Canela recebe o \u201cBrincarte\u201d, um espet\u00e1culo art\u00edstico apresentado pelos alunos das escolas infantis municipais e conveniadas, inspirado na magia da Disney e seus personagens. As apresenta\u00e7\u00f5es acontecem at\u00e9 sexta-feira, 24, sempre a partir das 19 horas, aberta aos pais e familiares das crian\u00e7as.&nbsp;<\/p>\n\n\n\n<p>As apresenta\u00e7\u00f5es envolvem manifesta\u00e7\u00f5es art\u00edsticas, musicalidade, express\u00e3o corporal e fantasias, para representar o \u201cjeito Disney\u201d de emocionar, alegrar e encantar plateias. Todo esse trabalho foi feito para incluir as crian\u00e7as da educa\u00e7\u00e3o infantil, de modo a desenvolver as habilidades de cada uma por meio da m\u00fasica e da dan\u00e7a.<\/p>\n\n\n\n<p>O Brincarte \u00e9 organizado pela Prefeitura de Canela, por meio da Secretaria de Educa\u00e7\u00e3o, Esporte e Lazer h\u00e1 mais de uma d\u00e9cada. Neste ano, participam 19 escolas municipais de educa\u00e7\u00e3o infantil.<\/p>\n\n\n\n<p><strong>Confira a programa\u00e7\u00e3o:<\/strong><\/p>\n\n\n\n<p>Segunda-feira (20\/10)<\/p>\n\n\n\n<p>Escola \u00cdtala Reis<\/p>\n\n\n\n<p>Escola Professora Diva Pedroso da Cunha<\/p>\n\n\n\n<p>ACEAI Carmen Schlieper<\/p>\n\n\n\n<p>ACEAI Adriana Spall<\/p>\n\n\n\n<p>Ter\u00e7a-feira (21\/10)<\/p>\n\n\n\n<p>Escola Professora Selma Port Hermann<\/p>\n\n\n\n<p>Escola Cora Cunha Viana<\/p>\n\n\n\n<p>AECF EEI Professora Lucimara Basei<\/p>\n\n\n\n<p>AECF EEI Alzemiro Boeira dos Santos<\/p>\n\n\n\n<p>Quarta-feira (22\/10)<\/p>\n\n\n\n<p>Escola Serafina Seibt<\/p>\n\n\n\n<p>Escola Professor Sylvio Hoffmann<\/p>\n\n\n\n<p>AECF EEI Ingol Lied<\/p>\n\n\n\n<p>AECF EEI Jardim das Hort\u00eansias I<\/p>\n\n\n\n<p>Quinta-feira (23\/10)<\/p>\n\n\n\n<p>Escola Eva Alzira Nunes Bianchi<\/p>\n\n\n\n<p>Escola Alice Wortmann<\/p>\n\n\n\n<p>AECF EEI Sandra Renck<\/p>\n\n\n\n<p>Sexta-feira (24\/10)<\/p>\n\n\n\n<p>Assedoc<\/p>\n\n\n\n<p>AECF EEI Jardim das Hort\u00eansias II<\/p>\n\n\n\n<p>AECF EEI Evaldo Port<\/p>\n\n\n\n<p>AECF EEI Ari Dalanholi<\/p>\n\n\n\n<p><\/p>\n\n\n\n<p><\/p>\n","protected":false},"excerpt":{"rendered":"<p>A partir desta segunda-feira, dia 20, o Teatro Municipal de Canela recebe o \u201cBrincarte\u201d, um espet\u00e1culo art\u00edstico apresentado pelos alunos das escolas infantis municipais e conveniadas, inspirado na magia da Disney e seus personagens. As apresenta\u00e7\u00f5es acontecem at\u00e9 sexta-feira, 24, sempre a partir das 19 horas, aberta aos pais e familiares das crian\u00e7as.&nbsp; As apresenta\u00e7\u00f5es [&hellip;]<\/p>\n","protected":false},"author":3,"featured_media":10775,"comment_status":"open","ping_status":"open","sticky":false,"template":"","format":"standard","meta":{"footnotes":""},"categories":[45],"tags":[],"class_list":["post-10774","post","type-post","status-publish","format-standard","has-post-thumbnail","hentry","category-post_educacao"],"_links":{"self":[{"href":"https:\/\/canela.rs.gov.br\/sitenovo\/wp-json\/wp\/v2\/posts\/10774","targetHints":{"allow":["GET"]}}],"collection":[{"href":"https:\/\/canela.rs.gov.br\/sitenovo\/wp-json\/wp\/v2\/posts"}],"about":[{"href":"https:\/\/canela.rs.gov.br\/sitenovo\/wp-json\/wp\/v2\/types\/post"}],"author":[{"embeddable":true,"href":"https:\/\/canela.rs.gov.br\/sitenovo\/wp-json\/wp\/v2\/users\/3"}],"replies":[{"embeddable":true,"href":"https:\/\/canela.rs.gov.br\/sitenovo\/wp-json\/wp\/v2\/comments?post=10774"}],"version-history":[{"count":1,"href":"https:\/\/canela.rs.gov.br\/sitenovo\/wp-json\/wp\/v2\/posts\/10774\/revisions"}],"predecessor-version":[{"id":10776,"href":"https:\/\/canela.rs.gov.br\/sitenovo\/wp-json\/wp\/v2\/posts\/10774\/revisions\/10776"}],"wp:featuredmedia":[{"embeddable":true,"href":"https:\/\/canela.rs.gov.br\/sitenovo\/wp-json\/wp\/v2\/media\/10775"}],"wp:attachment":[{"href":"https:\/\/canela.rs.gov.br\/sitenovo\/wp-json\/wp\/v2\/media?parent=10774"}],"wp:term":[{"taxonomy":"category","embeddable":true,"href":"https:\/\/canela.rs.gov.br\/sitenovo\/wp-json\/wp\/v2\/categories?post=10774"},{"taxonomy":"post_tag","embeddable":true,"href":"https:\/\/canela.rs.gov.br\/sitenovo\/wp-json\/wp\/v2\/tags?post=10774"}],"curies":[{"name":"wp","href":"https:\/\/api.w.org\/{rel}","templated":true}]}}