{"id":10682,"date":"2025-10-17T08:53:14","date_gmt":"2025-10-17T11:53:14","guid":{"rendered":"https:\/\/canela.rs.gov.br\/sitenovo\/?p=10682"},"modified":"2025-10-17T11:51:14","modified_gmt":"2025-10-17T14:51:14","slug":"outubro-rosa-craip-de-canela-promove-testagem-rapida-de-ists-e-palestra-na-proxima-semana","status":"publish","type":"post","link":"https:\/\/canela.rs.gov.br\/sitenovo\/outubro-rosa-craip-de-canela-promove-testagem-rapida-de-ists-e-palestra-na-proxima-semana\/","title":{"rendered":"Outubro Rosa: Craip de Canela promove testagem r\u00e1pida de ISTs e palestra na pr\u00f3xima semana"},"content":{"rendered":"\n<p>Na segunda e ter\u00e7a-feira da pr\u00f3xima semana, dias 20 e 21, o Centro Regionalizado de Aten\u00e7\u00e3o Integral e Preven\u00e7\u00e3o (Craip), da Secretaria de Sa\u00fade de Canela, promove na Unidade B\u00e1sica de Sa\u00fade (UBS) Central uma a\u00e7\u00e3o da programa\u00e7\u00e3o do Outubro Rosa voltada \u00e0 testagem r\u00e1pida para infec\u00e7\u00f5es sexualmente transmiss\u00edveis (ISTs) e palestra sobre sa\u00fade da mulher. As atividades acontecem das 17 \u00e0s 20 horas, durante o turno estendido.<\/p>\n\n\n\n<p>Ser\u00e3o oferecidos testes r\u00e1pidos para s\u00edfilis, hepatite B e C e para HIV. O teste \u00e9 r\u00e1pido e praticamente indolor, com uma leve picada no dedo.&nbsp; Al\u00e9m da testagem para as ISTs, o Craip tamb\u00e9m oferecer\u00e1 palestra neste dois dias, tratando sobre a sa\u00fade da mulher, cuidados, exames importantes, doen\u00e7as, e outros assuntos pertinentes ao Outubro Rosa.&nbsp;<\/p>\n\n\n\n<p>O Craip de Canela \u00e9 refer\u00eancia para as cidades da Regi\u00e3o das Hort\u00eansias e arredores no atendimento e orienta\u00e7\u00f5es a pessoas que convivem com doen\u00e7as cr\u00f4nicas transmiss\u00edveis como hepatites, HIV\/Aids e tuberculose.<\/p>\n","protected":false},"excerpt":{"rendered":"<p>Na segunda e ter\u00e7a-feira da pr\u00f3xima semana, dias 20 e 21, o Centro Regionalizado de Aten\u00e7\u00e3o Integral e Preven\u00e7\u00e3o (Craip), da Secretaria de Sa\u00fade de Canela, promove na Unidade B\u00e1sica de Sa\u00fade (UBS) Central uma a\u00e7\u00e3o da programa\u00e7\u00e3o do Outubro Rosa voltada \u00e0 testagem r\u00e1pida para infec\u00e7\u00f5es sexualmente transmiss\u00edveis (ISTs) e palestra sobre sa\u00fade da [&hellip;]<\/p>\n","protected":false},"author":3,"featured_media":10687,"comment_status":"open","ping_status":"open","sticky":false,"template":"","format":"standard","meta":{"footnotes":""},"categories":[144],"tags":[],"class_list":["post-10682","post","type-post","status-publish","format-standard","has-post-thumbnail","hentry","category-saude"],"_links":{"self":[{"href":"https:\/\/canela.rs.gov.br\/sitenovo\/wp-json\/wp\/v2\/posts\/10682","targetHints":{"allow":["GET"]}}],"collection":[{"href":"https:\/\/canela.rs.gov.br\/sitenovo\/wp-json\/wp\/v2\/posts"}],"about":[{"href":"https:\/\/canela.rs.gov.br\/sitenovo\/wp-json\/wp\/v2\/types\/post"}],"author":[{"embeddable":true,"href":"https:\/\/canela.rs.gov.br\/sitenovo\/wp-json\/wp\/v2\/users\/3"}],"replies":[{"embeddable":true,"href":"https:\/\/canela.rs.gov.br\/sitenovo\/wp-json\/wp\/v2\/comments?post=10682"}],"version-history":[{"count":1,"href":"https:\/\/canela.rs.gov.br\/sitenovo\/wp-json\/wp\/v2\/posts\/10682\/revisions"}],"predecessor-version":[{"id":10685,"href":"https:\/\/canela.rs.gov.br\/sitenovo\/wp-json\/wp\/v2\/posts\/10682\/revisions\/10685"}],"wp:featuredmedia":[{"embeddable":true,"href":"https:\/\/canela.rs.gov.br\/sitenovo\/wp-json\/wp\/v2\/media\/10687"}],"wp:attachment":[{"href":"https:\/\/canela.rs.gov.br\/sitenovo\/wp-json\/wp\/v2\/media?parent=10682"}],"wp:term":[{"taxonomy":"category","embeddable":true,"href":"https:\/\/canela.rs.gov.br\/sitenovo\/wp-json\/wp\/v2\/categories?post=10682"},{"taxonomy":"post_tag","embeddable":true,"href":"https:\/\/canela.rs.gov.br\/sitenovo\/wp-json\/wp\/v2\/tags?post=10682"}],"curies":[{"name":"wp","href":"https:\/\/api.w.org\/{rel}","templated":true}]}}