{"id":10667,"date":"2025-10-16T08:24:52","date_gmt":"2025-10-16T11:24:52","guid":{"rendered":"https:\/\/canela.rs.gov.br\/sitenovo\/?p=10667"},"modified":"2025-10-16T08:24:53","modified_gmt":"2025-10-16T11:24:53","slug":"turno-estendido-na-ubs-central-e-focado-em-atendimentos-de-casos-urgentes-e-sintomas-gripais","status":"publish","type":"post","link":"https:\/\/canela.rs.gov.br\/sitenovo\/turno-estendido-na-ubs-central-e-focado-em-atendimentos-de-casos-urgentes-e-sintomas-gripais\/","title":{"rendered":"Turno estendido na UBS Central \u00e9 focado em atendimentos de casos urgentes e sintomas gripais"},"content":{"rendered":"\n<p>De segunda a quarta-feira, a Unidade B\u00e1sica de Sa\u00fade (UBS) Central de Canela tem turno estendido, atendendo o p\u00fablico das 17 \u00e0s 20 horas. O servi\u00e7o \u00e9 voltado a atendimentos de casos urgentes e sintomas gripais \u2013 e segue neste hor\u00e1rio prolongado at\u00e9 dezembro.<\/p>\n\n\n\n<p>A Prefeitura de Canela, por meio da Secretaria Municipal de Sa\u00fade, refor\u00e7a que o objetivo da amplia\u00e7\u00e3o do hor\u00e1rio \u00e9 oferecer atendimento aos usu\u00e1rios do SUS que apresentem queixas agudas, ou seja, situa\u00e7\u00f5es que demandam avalia\u00e7\u00e3o e resolu\u00e7\u00e3o no mesmo dia, como febre, sintomas gripais, dores s\u00fabitas, infec\u00e7\u00f5es leves ou outras condi\u00e7\u00f5es cl\u00ednicas de urg\u00eancia leve.<\/p>\n\n\n\n<p>Para pacientes com doen\u00e7as cr\u00f4nicas, consultas de rotina ou acompanhamento, a orienta\u00e7\u00e3o da pasta \u00e9 seguir o atendimento pelos profissionais de refer\u00eancia em suas Unidades B\u00e1sicas de Sa\u00fade, mediante agendamento. Para agendar, basta comparecer das 7h ao meio-dia e das 13 \u00e0s 17 horas no posto de sa\u00fade de refer\u00eancia, com cart\u00e3o do SUS.<\/p>\n\n\n\n<p>\u201cO hor\u00e1rio estendido trata-se de uma alternativa para casos mais urgentes. Com essa iniciativa do turno estendido, facilitamos o acesso da popula\u00e7\u00e3o aos servi\u00e7os de sa\u00fade fora do hor\u00e1rio comercial, especialmente para trabalhadores e estudantes\u201d, esclarece o secret\u00e1rio de Sa\u00fade, Jean Spall.<\/p>\n\n\n\n<p>Al\u00e9m dos atendimentos cl\u00ednicos, tamb\u00e9m est\u00e1 dispon\u00edvel o servi\u00e7o da Sala de Vacina.<\/p>\n\n\n\n<p><\/p>\n","protected":false},"excerpt":{"rendered":"<p>De segunda a quarta-feira, a Unidade B\u00e1sica de Sa\u00fade (UBS) Central de Canela tem turno estendido, atendendo o p\u00fablico das 17 \u00e0s 20 horas. O servi\u00e7o \u00e9 voltado a atendimentos de casos urgentes e sintomas gripais \u2013 e segue neste hor\u00e1rio prolongado at\u00e9 dezembro. A Prefeitura de Canela, por meio da Secretaria Municipal de Sa\u00fade, [&hellip;]<\/p>\n","protected":false},"author":3,"featured_media":10668,"comment_status":"open","ping_status":"open","sticky":false,"template":"","format":"standard","meta":{"footnotes":""},"categories":[144],"tags":[],"class_list":["post-10667","post","type-post","status-publish","format-standard","has-post-thumbnail","hentry","category-saude"],"_links":{"self":[{"href":"https:\/\/canela.rs.gov.br\/sitenovo\/wp-json\/wp\/v2\/posts\/10667","targetHints":{"allow":["GET"]}}],"collection":[{"href":"https:\/\/canela.rs.gov.br\/sitenovo\/wp-json\/wp\/v2\/posts"}],"about":[{"href":"https:\/\/canela.rs.gov.br\/sitenovo\/wp-json\/wp\/v2\/types\/post"}],"author":[{"embeddable":true,"href":"https:\/\/canela.rs.gov.br\/sitenovo\/wp-json\/wp\/v2\/users\/3"}],"replies":[{"embeddable":true,"href":"https:\/\/canela.rs.gov.br\/sitenovo\/wp-json\/wp\/v2\/comments?post=10667"}],"version-history":[{"count":1,"href":"https:\/\/canela.rs.gov.br\/sitenovo\/wp-json\/wp\/v2\/posts\/10667\/revisions"}],"predecessor-version":[{"id":10669,"href":"https:\/\/canela.rs.gov.br\/sitenovo\/wp-json\/wp\/v2\/posts\/10667\/revisions\/10669"}],"wp:featuredmedia":[{"embeddable":true,"href":"https:\/\/canela.rs.gov.br\/sitenovo\/wp-json\/wp\/v2\/media\/10668"}],"wp:attachment":[{"href":"https:\/\/canela.rs.gov.br\/sitenovo\/wp-json\/wp\/v2\/media?parent=10667"}],"wp:term":[{"taxonomy":"category","embeddable":true,"href":"https:\/\/canela.rs.gov.br\/sitenovo\/wp-json\/wp\/v2\/categories?post=10667"},{"taxonomy":"post_tag","embeddable":true,"href":"https:\/\/canela.rs.gov.br\/sitenovo\/wp-json\/wp\/v2\/tags?post=10667"}],"curies":[{"name":"wp","href":"https:\/\/api.w.org\/{rel}","templated":true}]}}