{"id":10662,"date":"2025-10-15T11:07:48","date_gmt":"2025-10-15T14:07:48","guid":{"rendered":"https:\/\/canela.rs.gov.br\/sitenovo\/?p=10662"},"modified":"2025-10-30T08:08:23","modified_gmt":"2025-10-30T11:08:23","slug":"sabado-e-dia-d-da-campanha-de-multivacinacao-em-canela","status":"publish","type":"post","link":"https:\/\/canela.rs.gov.br\/sitenovo\/sabado-e-dia-d-da-campanha-de-multivacinacao-em-canela\/","title":{"rendered":"S\u00e1bado \u00e9 \u201cDia D\u201d da campanha de multivacina\u00e7\u00e3o em Canela"},"content":{"rendered":"\n<p>Canela realiza neste s\u00e1bado, dia 18, o \u201cDia D\u201d da campanha de multivacina\u00e7\u00e3o destinada \u00e0s crian\u00e7as e adolescentes menores de 15 anos de idade. De acordo com dados do IBGE, a cidade possui aproximadamente 10,2 mil pessoas na faixa et\u00e1ria atendida pela a\u00e7\u00e3o, as quais os pais e respons\u00e1veis precisam conferir as carteiras de vacina para verificar se algum imunizante est\u00e1 em atraso e levar no s\u00e1bado \u00e0s Unidades B\u00e1sicas de Sa\u00fade (UBSs).<br>Cinco salas de vacina dos postos de sa\u00fade participar\u00e3o da campanha neste s\u00e1bado, sendo elas as unidades Canelinha, Leodoro Azevedo, Central, S\u00e3o Luiz e Santa Marta. A vacina\u00e7\u00e3o vai acontecer das 13 \u00e0s 17 horas. \u00c9 necess\u00e1rio apresentar a Carteira de Vacina do menor, acompanhado do Cart\u00e3o SUS no ato.<br>A coordenadora da Vigil\u00e2ncia Epidemiol\u00f3gica de Canela, Magali Cavinato, refor\u00e7a a import\u00e2ncia das crian\u00e7as e adolescentes estarem com as carteiras de vacina em dia para ficarem protegidos contra doen\u00e7as que possuem preven\u00e7\u00e3o. \u201cA vacina fornece uma prote\u00e7\u00e3o extra para evitar o agravamento das doen\u00e7as, caso as crian\u00e7as venham a contra\u00ed-la. S\u00e3o extremamente importantes para que doen\u00e7as j\u00e1 extintas n\u00e3o voltem a aparecer. Por isso, o papel dos pais e dos respons\u00e1veis pelos menores, lev\u00e1-los para atualizar as vacinas, \u00e9 fundamental\u201d, destaca a enfermeira.<\/p>\n\n\n\n<p><strong>Vacinas por faixa et\u00e1ria:<\/strong><\/p>\n\n\n\n<p><strong>Crian\u00e7as at\u00e9 1 ano<\/strong>: vacinas BCG (rec\u00e9m-nascidos), Penta, Poliomielite, Pneumoc\u00f3cica 10, Rotav\u00edrus, Meningoc\u00f3cica C, Influenza, Covid-19, Febre Amarela, Tr\u00edplice Viral e Meningoc\u00f3cica ACWY.<\/p>\n\n\n\n<p><strong>Crian\u00e7as at\u00e9 15 meses<\/strong>: vacinas DTP, Poliomielite, Tetraviral e Hepatite A.<\/p>\n\n\n\n<p><strong>Crian\u00e7as at\u00e9 4 anos e 11 meses<\/strong>: vacinas DTP, Febre Amarela e Varicela.<\/p>\n\n\n\n<p><strong>Crian\u00e7as a partir dos 7 anos<\/strong>: vacina dT.<\/p>\n\n\n\n<p><strong>Crian\u00e7as a partir de 9 anos<\/strong>: vacina HPV.<\/p>\n\n\n\n<p><strong>Adolescentes at\u00e9 14 anos<\/strong>: vacinas de refor\u00e7o da Meningoc\u00f3cica Acwy, DT (T\u00e9tano) e outras se necess\u00e1rio.<\/p>\n\n\n\n<p>A rela\u00e7\u00e3o completa de vacinas do Calend\u00e1rio Nacional de Vacina\u00e7\u00e3o pode ser conferida no&nbsp;<a href=\"https:\/\/www.gov.br\/saude\/pt-br\/vacinacao\/calendario\" target=\"_blank\" rel=\"noreferrer noopener\">site do Minist\u00e9rio da Sa\u00fade<\/a>.<\/p>\n\n\n\n<p><strong>SERVI\u00c7O<\/strong><br>O que: Dia D da Campanha de Multivacina\u00e7\u00e3o para crian\u00e7as e adolescentes at\u00e9 15 anos<br>Quando: s\u00e1bado, 18 de outubro<br>Onde: Salas de vacina das UBSs de Canela \u2013 Canelinha, Leodoro de Azevedo, Central, S\u00e3o Luiz e Santa Marta -, das 13 \u00e0s 17 horas.<br>Informa\u00e7\u00e3o extra: levar no ato a Carteira de Vacinas e o Cart\u00e3o SUS da crian\u00e7a e adolescente.<\/p>\n\n\n\n<p><br><\/p>\n","protected":false},"excerpt":{"rendered":"<p>Canela realiza neste s\u00e1bado, dia 18, o \u201cDia D\u201d da campanha de multivacina\u00e7\u00e3o destinada \u00e0s crian\u00e7as e adolescentes menores de 15 anos de idade. De acordo com dados do IBGE, a cidade possui aproximadamente 10,2 mil pessoas na faixa et\u00e1ria atendida pela a\u00e7\u00e3o, as quais os pais e respons\u00e1veis precisam conferir as carteiras de vacina [&hellip;]<\/p>\n","protected":false},"author":3,"featured_media":10663,"comment_status":"open","ping_status":"open","sticky":false,"template":"","format":"standard","meta":{"footnotes":""},"categories":[144],"tags":[],"class_list":["post-10662","post","type-post","status-publish","format-standard","has-post-thumbnail","hentry","category-saude"],"_links":{"self":[{"href":"https:\/\/canela.rs.gov.br\/sitenovo\/wp-json\/wp\/v2\/posts\/10662","targetHints":{"allow":["GET"]}}],"collection":[{"href":"https:\/\/canela.rs.gov.br\/sitenovo\/wp-json\/wp\/v2\/posts"}],"about":[{"href":"https:\/\/canela.rs.gov.br\/sitenovo\/wp-json\/wp\/v2\/types\/post"}],"author":[{"embeddable":true,"href":"https:\/\/canela.rs.gov.br\/sitenovo\/wp-json\/wp\/v2\/users\/3"}],"replies":[{"embeddable":true,"href":"https:\/\/canela.rs.gov.br\/sitenovo\/wp-json\/wp\/v2\/comments?post=10662"}],"version-history":[{"count":1,"href":"https:\/\/canela.rs.gov.br\/sitenovo\/wp-json\/wp\/v2\/posts\/10662\/revisions"}],"predecessor-version":[{"id":10664,"href":"https:\/\/canela.rs.gov.br\/sitenovo\/wp-json\/wp\/v2\/posts\/10662\/revisions\/10664"}],"wp:featuredmedia":[{"embeddable":true,"href":"https:\/\/canela.rs.gov.br\/sitenovo\/wp-json\/wp\/v2\/media\/10663"}],"wp:attachment":[{"href":"https:\/\/canela.rs.gov.br\/sitenovo\/wp-json\/wp\/v2\/media?parent=10662"}],"wp:term":[{"taxonomy":"category","embeddable":true,"href":"https:\/\/canela.rs.gov.br\/sitenovo\/wp-json\/wp\/v2\/categories?post=10662"},{"taxonomy":"post_tag","embeddable":true,"href":"https:\/\/canela.rs.gov.br\/sitenovo\/wp-json\/wp\/v2\/tags?post=10662"}],"curies":[{"name":"wp","href":"https:\/\/api.w.org\/{rel}","templated":true}]}}