{"id":10604,"date":"2025-10-14T11:06:44","date_gmt":"2025-10-14T14:06:44","guid":{"rendered":"https:\/\/canela.rs.gov.br\/sitenovo\/?p=10604"},"modified":"2025-10-14T11:06:45","modified_gmt":"2025-10-14T14:06:45","slug":"ubs-santa-marta-realiza-acao-especial-em-alusao-ao-outubro-rosa","status":"publish","type":"post","link":"https:\/\/canela.rs.gov.br\/sitenovo\/ubs-santa-marta-realiza-acao-especial-em-alusao-ao-outubro-rosa\/","title":{"rendered":"UBS Santa Marta realiza a\u00e7\u00e3o especial em alus\u00e3o ao Outubro Rosa"},"content":{"rendered":"\n<p>Com o objetivo de orientar as pacientes sobre a campanha Outubro Rosa e refor\u00e7ar a import\u00e2ncia da preven\u00e7\u00e3o ao c\u00e2ncer de mama, a Unidade B\u00e1sica de Sa\u00fade (UBS) Santa Marta promoveu, nesta segunda-feira, 13, a\u00e7\u00f5es educativas na sala de espera, nos per\u00edodos da manh\u00e3 e da tarde.<\/p>\n\n\n\n<p>De acordo com a enfermeira coordenadora da UBS, Franciele Soares Tomazi, foram distribu\u00eddas rosas e pipocas cor-de-rosa \u00e0s pacientes que aguardavam atendimento. A a\u00e7\u00e3o tamb\u00e9m contou com momentos de orienta\u00e7\u00e3o sobre os cuidados com a sa\u00fade da mulher, destacando a import\u00e2ncia da realiza\u00e7\u00e3o dos exames preventivos de c\u00e2ncer de colo de \u00fatero e a periodicidade adequada desses procedimentos.<\/p>\n\n\n\n<p>A atividade teve o apoio das agentes comunit\u00e1rias de sa\u00fade do bairro, Dayana L\u00facia Crestani e D\u00e9bora N\u00f3brega Nunes.<\/p>\n\n\n\n<p><strong>Exames preventivos<\/strong><\/p>\n\n\n\n<p>Na UBS Santa Marta, os exames preventivos s\u00e3o realizados sempre \u00e0s ter\u00e7as-feiras e podem ser agendados diretamente na recep\u00e7\u00e3o ou com as agentes comunit\u00e1rias de sa\u00fade. Mais informa\u00e7\u00f5es podem ser obtidas pelo telefone (54) 3282-5112.<\/p>\n\n\n\n<p><strong>Programa\u00e7\u00e3o Outubro Rosa<\/strong><\/p>\n\n\n\n<p>Como parte da programa\u00e7\u00e3o do Outubro Rosa, no dia 28 de outubro, a partir das 13h30, ser\u00e1 realizada uma tarde de preven\u00e7\u00e3o e autocuidado no Centro de Refer\u00eancia de Assist\u00eancia Social (Cras) Santa Marta. A iniciativa contar\u00e1 com uma roda de conversa com a enfermeira Franciele Tomazi, cuidados com a pele com Taysa Harth e orienta\u00e7\u00f5es sobre o corpo com Giane Mateus.<\/p>\n\n\n\n<p><\/p>\n","protected":false},"excerpt":{"rendered":"<p>Com o objetivo de orientar as pacientes sobre a campanha Outubro Rosa e refor\u00e7ar a import\u00e2ncia da preven\u00e7\u00e3o ao c\u00e2ncer de mama, a Unidade B\u00e1sica de Sa\u00fade (UBS) Santa Marta promoveu, nesta segunda-feira, 13, a\u00e7\u00f5es educativas na sala de espera, nos per\u00edodos da manh\u00e3 e da tarde. De acordo com a enfermeira coordenadora da UBS, [&hellip;]<\/p>\n","protected":false},"author":3,"featured_media":10605,"comment_status":"open","ping_status":"open","sticky":false,"template":"","format":"standard","meta":{"footnotes":""},"categories":[144,164],"tags":[],"class_list":["post-10604","post","type-post","status-publish","format-standard","has-post-thumbnail","hentry","category-saude","category-destaque"],"_links":{"self":[{"href":"https:\/\/canela.rs.gov.br\/sitenovo\/wp-json\/wp\/v2\/posts\/10604","targetHints":{"allow":["GET"]}}],"collection":[{"href":"https:\/\/canela.rs.gov.br\/sitenovo\/wp-json\/wp\/v2\/posts"}],"about":[{"href":"https:\/\/canela.rs.gov.br\/sitenovo\/wp-json\/wp\/v2\/types\/post"}],"author":[{"embeddable":true,"href":"https:\/\/canela.rs.gov.br\/sitenovo\/wp-json\/wp\/v2\/users\/3"}],"replies":[{"embeddable":true,"href":"https:\/\/canela.rs.gov.br\/sitenovo\/wp-json\/wp\/v2\/comments?post=10604"}],"version-history":[{"count":1,"href":"https:\/\/canela.rs.gov.br\/sitenovo\/wp-json\/wp\/v2\/posts\/10604\/revisions"}],"predecessor-version":[{"id":10606,"href":"https:\/\/canela.rs.gov.br\/sitenovo\/wp-json\/wp\/v2\/posts\/10604\/revisions\/10606"}],"wp:featuredmedia":[{"embeddable":true,"href":"https:\/\/canela.rs.gov.br\/sitenovo\/wp-json\/wp\/v2\/media\/10605"}],"wp:attachment":[{"href":"https:\/\/canela.rs.gov.br\/sitenovo\/wp-json\/wp\/v2\/media?parent=10604"}],"wp:term":[{"taxonomy":"category","embeddable":true,"href":"https:\/\/canela.rs.gov.br\/sitenovo\/wp-json\/wp\/v2\/categories?post=10604"},{"taxonomy":"post_tag","embeddable":true,"href":"https:\/\/canela.rs.gov.br\/sitenovo\/wp-json\/wp\/v2\/tags?post=10604"}],"curies":[{"name":"wp","href":"https:\/\/api.w.org\/{rel}","templated":true}]}}