{"id":10509,"date":"2025-10-09T17:41:09","date_gmt":"2025-10-09T20:41:09","guid":{"rendered":"https:\/\/canela.rs.gov.br\/sitenovo\/?p=10509"},"modified":"2025-10-10T08:12:11","modified_gmt":"2025-10-10T11:12:11","slug":"prefeitura-de-canela-inscreve-para-exame-de-certificacao-de-conclusao-do-ensino-fundamental","status":"publish","type":"post","link":"https:\/\/canela.rs.gov.br\/sitenovo\/prefeitura-de-canela-inscreve-para-exame-de-certificacao-de-conclusao-do-ensino-fundamental\/","title":{"rendered":"Prefeitura de Canela inscreve para exame de certifica\u00e7\u00e3o de conclus\u00e3o do Ensino Fundamental"},"content":{"rendered":"\n<p>De 20 a 31 de outubro, estar\u00e3o abertas as inscri\u00e7\u00f5es para as pessoas interessadas em realizar o exame de certifica\u00e7\u00e3o para conclus\u00e3o do Ensino Fundamental em Canela. Aqueles que tiverem vontade de concluir essa etapa de ensino e tiverem mais de 15 anos de idade (salvo os casos previstos pelo Edital n\u00ba 02\/2025 da Secretaria de Educa\u00e7\u00e3o, Esporte e Lazer), devem fazer a inscri\u00e7\u00e3o presencialmente na Escola Santa Terezinha, das&nbsp; 8h \u00e0s 11h e das 13h30 \u00e0s 16h30, e \u00e0s quintas-feiras tamb\u00e9m das 19h \u00e0s 22h. As provas acontecem nos dias 17, 18 e 19 de novembro, no turno da noite.<\/p>\n\n\n\n<p>Conforme o edital do exame, as provas de certifica\u00e7\u00e3o ser\u00e3o formuladas com 50 quest\u00f5es objetivas das disciplinas de L\u00edngua Portuguesa, Ci\u00eancias da Natureza, Matem\u00e1tica, L\u00edngua Inglesa, Artes, Ci\u00eancias Humanas (Hist\u00f3ria e Geografia) e Ensino Religioso, e acontecem das 19h \u00e0s 22h, na Escola Santa Terezinha. A aplica\u00e7\u00e3o ser\u00e1 dividida em blocos, da seguinte forma:<\/p>\n\n\n\n<p>17\/11 &#8211; provas de L\u00edngua Portuguesa, Arte e L\u00edngua Inglesa.&nbsp;<\/p>\n\n\n\n<p>18\/11 &#8211; provas de Ci\u00eancias da Natureza e Matem\u00e1tica.<\/p>\n\n\n\n<p>19\/11 &#8211; provas de Hist\u00f3ria, Geografia e de Ensino Religioso.<\/p>\n\n\n\n<p>Para obter a aprova\u00e7\u00e3o no exame e receber o certificado de conclus\u00e3o do Ensino Fundamental, o aluno precisa acertar 50% da prova, porcentagem considerada m\u00ednima pelo Minist\u00e9rio da Educa\u00e7\u00e3o para aprovar. A coordenadora de Ensino Fundamental e EJA da Secretaria de Educa\u00e7\u00e3o, Elisiane de Freitas L\u00edvi, refor\u00e7a que essa \u00e9 uma oportunidade para aquelas pessoas que desejam concluir esta etapa para seguirem para o Ensino M\u00e9dio.&nbsp;<\/p>\n\n\n\n<p>No dia da prova, o candidato ao exame deve levar consigo o comprovante de inscri\u00e7\u00e3o, um documento de identidade original com foto, caneta esferogr\u00e1fica azul ou preta, l\u00e1pis e borracha.<\/p>\n\n\n\n<p>Aulas preparat\u00f3rias<\/p>\n\n\n\n<p>Para os estudantes que tiverem interesse, a EMEIEF Santa Terezinha oferecer\u00e1 uma prepara\u00e7\u00e3o para as provas. As aulas v\u00e3o acontecer nos dias 10, 11 e 12 de novembro, na escola, abordando os conte\u00fados previstos no edital.&nbsp;<\/p>\n\n\n\n<p>Mais informa\u00e7\u00f5es sobre o exame de certifica\u00e7\u00e3o do Ensino Fundamental podem ser solicitadas \u00e0 Escola Santa Terezinha, pelo telefone (54) 3282-5181, ou presencialmente na Rua Borges de Medeiros, 1.530, durante o hor\u00e1rio de funcionamento da institui\u00e7\u00e3o.<\/p>\n\n\n\n<div data-wp-interactive=\"core\/file\" class=\"wp-block-file\"><object data-wp-bind--hidden=\"!state.hasPdfPreview\" hidden class=\"wp-block-file__embed\" data=\"https:\/\/canela.rs.gov.br\/sitenovo\/wp-content\/uploads\/2025\/10\/Ficha-de-Inscricao-Prova-Certificadora-2o-2025.pdf\" type=\"application\/pdf\" style=\"width:100%;height:600px\" aria-label=\"Incorporado de Ficha de Inscri\u00e7\u00e3o Prova Certificadora 2\u00ba 2025.\"><\/object><a id=\"wp-block-file--media-e00021fe-d838-41d8-9181-cd933c129c16\" href=\"https:\/\/canela.rs.gov.br\/sitenovo\/wp-content\/uploads\/2025\/10\/Ficha-de-Inscricao-Prova-Certificadora-2o-2025.pdf\">Ficha de Inscri\u00e7\u00e3o Prova Certificadora 2\u00ba 2025<\/a><a href=\"https:\/\/canela.rs.gov.br\/sitenovo\/wp-content\/uploads\/2025\/10\/Ficha-de-Inscricao-Prova-Certificadora-2o-2025.pdf\" class=\"wp-block-file__button wp-element-button\" download aria-describedby=\"wp-block-file--media-e00021fe-d838-41d8-9181-cd933c129c16\">Baixar<\/a><\/div>\n\n\n\n<div data-wp-interactive=\"core\/file\" class=\"wp-block-file\"><object data-wp-bind--hidden=\"!state.hasPdfPreview\" hidden class=\"wp-block-file__embed\" data=\"https:\/\/canela.rs.gov.br\/sitenovo\/wp-content\/uploads\/2025\/10\/Edital-SMEEL-no-002-2025-1.pdf\" type=\"application\/pdf\" style=\"width:100%;height:600px\" aria-label=\"Incorporado de Edital-SMEEL-no-002-2025.\"><\/object><a id=\"wp-block-file--media-5c941a2c-ff38-48bd-8e7c-a733382b2f28\" href=\"https:\/\/canela.rs.gov.br\/sitenovo\/wp-content\/uploads\/2025\/10\/Edital-SMEEL-no-002-2025-1.pdf\">Edital-SMEEL-no-002-2025<\/a><a href=\"https:\/\/canela.rs.gov.br\/sitenovo\/wp-content\/uploads\/2025\/10\/Edital-SMEEL-no-002-2025-1.pdf\" class=\"wp-block-file__button wp-element-button\" download aria-describedby=\"wp-block-file--media-5c941a2c-ff38-48bd-8e7c-a733382b2f28\">Baixar<\/a><\/div>\n\n\n\n<p><\/p>\n","protected":false},"excerpt":{"rendered":"<p>De 20 a 31 de outubro, estar\u00e3o abertas as inscri\u00e7\u00f5es para as pessoas interessadas em realizar o exame de certifica\u00e7\u00e3o para conclus\u00e3o do Ensino Fundamental em Canela. Aqueles que tiverem vontade de concluir essa etapa de ensino e tiverem mais de 15 anos de idade (salvo os casos previstos pelo Edital n\u00ba 02\/2025 da Secretaria [&hellip;]<\/p>\n","protected":false},"author":3,"featured_media":10510,"comment_status":"open","ping_status":"open","sticky":false,"template":"","format":"standard","meta":{"footnotes":""},"categories":[45],"tags":[],"class_list":["post-10509","post","type-post","status-publish","format-standard","has-post-thumbnail","hentry","category-post_educacao"],"_links":{"self":[{"href":"https:\/\/canela.rs.gov.br\/sitenovo\/wp-json\/wp\/v2\/posts\/10509","targetHints":{"allow":["GET"]}}],"collection":[{"href":"https:\/\/canela.rs.gov.br\/sitenovo\/wp-json\/wp\/v2\/posts"}],"about":[{"href":"https:\/\/canela.rs.gov.br\/sitenovo\/wp-json\/wp\/v2\/types\/post"}],"author":[{"embeddable":true,"href":"https:\/\/canela.rs.gov.br\/sitenovo\/wp-json\/wp\/v2\/users\/3"}],"replies":[{"embeddable":true,"href":"https:\/\/canela.rs.gov.br\/sitenovo\/wp-json\/wp\/v2\/comments?post=10509"}],"version-history":[{"count":3,"href":"https:\/\/canela.rs.gov.br\/sitenovo\/wp-json\/wp\/v2\/posts\/10509\/revisions"}],"predecessor-version":[{"id":10517,"href":"https:\/\/canela.rs.gov.br\/sitenovo\/wp-json\/wp\/v2\/posts\/10509\/revisions\/10517"}],"wp:featuredmedia":[{"embeddable":true,"href":"https:\/\/canela.rs.gov.br\/sitenovo\/wp-json\/wp\/v2\/media\/10510"}],"wp:attachment":[{"href":"https:\/\/canela.rs.gov.br\/sitenovo\/wp-json\/wp\/v2\/media?parent=10509"}],"wp:term":[{"taxonomy":"category","embeddable":true,"href":"https:\/\/canela.rs.gov.br\/sitenovo\/wp-json\/wp\/v2\/categories?post=10509"},{"taxonomy":"post_tag","embeddable":true,"href":"https:\/\/canela.rs.gov.br\/sitenovo\/wp-json\/wp\/v2\/tags?post=10509"}],"curies":[{"name":"wp","href":"https:\/\/api.w.org\/{rel}","templated":true}]}}