{"id":10506,"date":"2025-10-09T16:55:11","date_gmt":"2025-10-09T19:55:11","guid":{"rendered":"https:\/\/canela.rs.gov.br\/sitenovo\/?p=10506"},"modified":"2025-10-13T16:58:48","modified_gmt":"2025-10-13T19:58:48","slug":"periodo-de-inscricoes-e-rematriculas-da-rede-municipal-de-ensino-de-canela-inicia-em-novembro","status":"publish","type":"post","link":"https:\/\/canela.rs.gov.br\/sitenovo\/periodo-de-inscricoes-e-rematriculas-da-rede-municipal-de-ensino-de-canela-inicia-em-novembro\/","title":{"rendered":"Per\u00edodo de inscri\u00e7\u00f5es e rematr\u00edculas da rede municipal de ensino de Canela inicia em novembro"},"content":{"rendered":"\n<p>A Secretaria de Educa\u00e7\u00e3o, Esporte e Lazer de Canela informa que o per\u00edodo de rematr\u00edculas para a Educa\u00e7\u00e3o Infantil e o Ensino Fundamental da rede municipal ter\u00e1 in\u00edcio em novembro. As inscri\u00e7\u00f5es para as crian\u00e7as que ingressar\u00e3o no 1\u00ba ano do Ensino Fundamental tamb\u00e9m ocorrer\u00e3o no pr\u00f3ximo m\u00eas.<\/p>\n\n\n\n<p><strong>Educa\u00e7\u00e3o Infantil<\/strong><\/p>\n\n\n\n<p>As rematr\u00edculas para as Escolas Municipais de Educa\u00e7\u00e3o Infantil (EMEIs) e institui\u00e7\u00f5es conveniadas acontecer\u00e3o entre os dias 12 e 19 de novembro. O processo deve ser realizado diretamente nas escolas, em hor\u00e1rios estabelecidos pelas mesmas, quando ser\u00e1 feita a atualiza\u00e7\u00e3o cadastral do aluno como confirma\u00e7\u00e3o de resid\u00eancia, telefone dos respons\u00e1veis para contato e demais informa\u00e7\u00f5es.<\/p>\n\n\n\n<p><strong>Ensino Fundamental&nbsp;<\/strong><\/p>\n\n\n\n<p><strong>Matr\u00edculas<\/strong><\/p>\n\n\n\n<p>As inscri\u00e7\u00f5es para os alunos que ingressar\u00e3o no 1\u00ba ano do Ensino Fundamental em 2026 ocorrer\u00e3o de 3 a 19 de novembro, na Secretaria de Educa\u00e7\u00e3o, das 13h30 \u00e0s 16h30. Para realizar a inscri\u00e7\u00e3o \u00e9 necess\u00e1rio apresentar certid\u00e3o de nascimento e comprovante de endere\u00e7o. A Secretaria de Educa\u00e7\u00e3o est\u00e1 situada na Rua Borges d e Medeiros, 926, Centro. A confirma\u00e7\u00e3o da matr\u00edcula ser\u00e1 feita por contato telef\u00f4nico e a efetiva\u00e7\u00e3o da vaga ocorrer\u00e1 em fevereiro, diretamente nas escolas.<\/p>\n\n\n\n<p><strong>Rematr\u00edculas&nbsp;<\/strong><\/p>\n\n\n\n<p>O per\u00edodo de rematr\u00edculas para os alunos do Ensino Fundamental ser\u00e1 de 3 de novembro a 5 de dezembro, devendo ser realizado diretamente nas escolas. Mais informa\u00e7\u00f5es: diretamente na Secretaria de Educa\u00e7\u00e3o ou pelo contato (54) 3282-5150.<\/p>\n\n\n\n<p><\/p>\n\n\n\n<p><\/p>\n","protected":false},"excerpt":{"rendered":"<p>A Secretaria de Educa\u00e7\u00e3o, Esporte e Lazer de Canela informa que o per\u00edodo de rematr\u00edculas para a Educa\u00e7\u00e3o Infantil e o Ensino Fundamental da rede municipal ter\u00e1 in\u00edcio em novembro. As inscri\u00e7\u00f5es para as crian\u00e7as que ingressar\u00e3o no 1\u00ba ano do Ensino Fundamental tamb\u00e9m ocorrer\u00e3o no pr\u00f3ximo m\u00eas. Educa\u00e7\u00e3o Infantil As rematr\u00edculas para as Escolas [&hellip;]<\/p>\n","protected":false},"author":3,"featured_media":10507,"comment_status":"open","ping_status":"open","sticky":false,"template":"","format":"standard","meta":{"footnotes":""},"categories":[45],"tags":[],"class_list":["post-10506","post","type-post","status-publish","format-standard","has-post-thumbnail","hentry","category-post_educacao"],"_links":{"self":[{"href":"https:\/\/canela.rs.gov.br\/sitenovo\/wp-json\/wp\/v2\/posts\/10506","targetHints":{"allow":["GET"]}}],"collection":[{"href":"https:\/\/canela.rs.gov.br\/sitenovo\/wp-json\/wp\/v2\/posts"}],"about":[{"href":"https:\/\/canela.rs.gov.br\/sitenovo\/wp-json\/wp\/v2\/types\/post"}],"author":[{"embeddable":true,"href":"https:\/\/canela.rs.gov.br\/sitenovo\/wp-json\/wp\/v2\/users\/3"}],"replies":[{"embeddable":true,"href":"https:\/\/canela.rs.gov.br\/sitenovo\/wp-json\/wp\/v2\/comments?post=10506"}],"version-history":[{"count":1,"href":"https:\/\/canela.rs.gov.br\/sitenovo\/wp-json\/wp\/v2\/posts\/10506\/revisions"}],"predecessor-version":[{"id":10508,"href":"https:\/\/canela.rs.gov.br\/sitenovo\/wp-json\/wp\/v2\/posts\/10506\/revisions\/10508"}],"wp:featuredmedia":[{"embeddable":true,"href":"https:\/\/canela.rs.gov.br\/sitenovo\/wp-json\/wp\/v2\/media\/10507"}],"wp:attachment":[{"href":"https:\/\/canela.rs.gov.br\/sitenovo\/wp-json\/wp\/v2\/media?parent=10506"}],"wp:term":[{"taxonomy":"category","embeddable":true,"href":"https:\/\/canela.rs.gov.br\/sitenovo\/wp-json\/wp\/v2\/categories?post=10506"},{"taxonomy":"post_tag","embeddable":true,"href":"https:\/\/canela.rs.gov.br\/sitenovo\/wp-json\/wp\/v2\/tags?post=10506"}],"curies":[{"name":"wp","href":"https:\/\/api.w.org\/{rel}","templated":true}]}}