{"id":10382,"date":"2025-10-02T16:05:34","date_gmt":"2025-10-02T19:05:34","guid":{"rendered":"https:\/\/canela.rs.gov.br\/sitenovo\/?p=10382"},"modified":"2025-10-02T16:05:36","modified_gmt":"2025-10-02T19:05:36","slug":"secretaria-da-educacao-e-casa-vitoria-promovem-concurso-de-redacao-para-alunos-das-escolas-municipais-de-canela","status":"publish","type":"post","link":"https:\/\/canela.rs.gov.br\/sitenovo\/secretaria-da-educacao-e-casa-vitoria-promovem-concurso-de-redacao-para-alunos-das-escolas-municipais-de-canela\/","title":{"rendered":"Secretaria da Educa\u00e7\u00e3o e Casa Vit\u00f3ria promovem concurso de reda\u00e7\u00e3o para alunos das escolas municipais de Canela"},"content":{"rendered":"\n<p>A Prefeitura de Canela, por meio da Secretaria de Educa\u00e7\u00e3o, Esporte e Lazer, e a Casa Vit\u00f3ria, firmaram parceria para promover um concurso de reda\u00e7\u00e3o, direcionado aos alunos do 6\u00ba ano das escolas municipais, com o objetivo de conscientizar sobre o enfrentamento da viol\u00eancia dom\u00e9stica. As reda\u00e7\u00f5es est\u00e3o sendo feitas em sala durante as aulas de portugu\u00eas, com supervis\u00e3o dos professores. As inscri\u00e7\u00f5es s\u00e3o feitas pelas pr\u00f3prias escolas e ser\u00e3o recebidas at\u00e9 esta sexta-feira, 3 de outubro, na Secretaria de Educa\u00e7\u00e3o (Rua Borges de Medeiros, 926), mediante a entrega das reda\u00e7\u00f5es dos estudantes.&nbsp;<\/p>\n\n\n\n<p>Conforme o regulamento do concurso, as reda\u00e7\u00f5es dever\u00e3o seguir o tema \u201cCanela no enfrentamento \u00e0 viol\u00eancia dom\u00e9stica\u201d, com no m\u00ednimo 20 linhas e no m\u00e1ximo 30 linhas, feitas \u00e0 caneta azul ou preta. Os tr\u00eas melhores textos ser\u00e3o premiados.<\/p>\n\n\n\n<p>As melhores reda\u00e7\u00f5es ser\u00e3o divulgadas no dia 20 de outubro, \u00e0s 14h, atrav\u00e9s do perfil no Instagram da @casavitoriacanela, onde ficar\u00e3o dispon\u00edveis para vota\u00e7\u00e3o p\u00fablica at\u00e9 23 de outubro. Os resultados ser\u00e3o anunciados \u00e0s 13h30 do \u00faltimo dia, no mesmo perfil. D\u00favidas sobre o concurso de reda\u00e7\u00e3o podem ser sanadas com a Casa Vit\u00f3ria pelo telefone (54) 9 8121-5174.<\/p>\n\n\n\n<p>Texto e foto: Adriana Rabassa\/Prefeitura de Canela<\/p>\n\n\n\n<p><\/p>\n","protected":false},"excerpt":{"rendered":"<p>A Prefeitura de Canela, por meio da Secretaria de Educa\u00e7\u00e3o, Esporte e Lazer, e a Casa Vit\u00f3ria, firmaram parceria para promover um concurso de reda\u00e7\u00e3o, direcionado aos alunos do 6\u00ba ano das escolas municipais, com o objetivo de conscientizar sobre o enfrentamento da viol\u00eancia dom\u00e9stica. As reda\u00e7\u00f5es est\u00e3o sendo feitas em sala durante as aulas [&hellip;]<\/p>\n","protected":false},"author":3,"featured_media":10388,"comment_status":"open","ping_status":"open","sticky":false,"template":"","format":"standard","meta":{"footnotes":""},"categories":[45],"tags":[],"class_list":["post-10382","post","type-post","status-publish","format-standard","has-post-thumbnail","hentry","category-post_educacao"],"_links":{"self":[{"href":"https:\/\/canela.rs.gov.br\/sitenovo\/wp-json\/wp\/v2\/posts\/10382","targetHints":{"allow":["GET"]}}],"collection":[{"href":"https:\/\/canela.rs.gov.br\/sitenovo\/wp-json\/wp\/v2\/posts"}],"about":[{"href":"https:\/\/canela.rs.gov.br\/sitenovo\/wp-json\/wp\/v2\/types\/post"}],"author":[{"embeddable":true,"href":"https:\/\/canela.rs.gov.br\/sitenovo\/wp-json\/wp\/v2\/users\/3"}],"replies":[{"embeddable":true,"href":"https:\/\/canela.rs.gov.br\/sitenovo\/wp-json\/wp\/v2\/comments?post=10382"}],"version-history":[{"count":1,"href":"https:\/\/canela.rs.gov.br\/sitenovo\/wp-json\/wp\/v2\/posts\/10382\/revisions"}],"predecessor-version":[{"id":10389,"href":"https:\/\/canela.rs.gov.br\/sitenovo\/wp-json\/wp\/v2\/posts\/10382\/revisions\/10389"}],"wp:featuredmedia":[{"embeddable":true,"href":"https:\/\/canela.rs.gov.br\/sitenovo\/wp-json\/wp\/v2\/media\/10388"}],"wp:attachment":[{"href":"https:\/\/canela.rs.gov.br\/sitenovo\/wp-json\/wp\/v2\/media?parent=10382"}],"wp:term":[{"taxonomy":"category","embeddable":true,"href":"https:\/\/canela.rs.gov.br\/sitenovo\/wp-json\/wp\/v2\/categories?post=10382"},{"taxonomy":"post_tag","embeddable":true,"href":"https:\/\/canela.rs.gov.br\/sitenovo\/wp-json\/wp\/v2\/tags?post=10382"}],"curies":[{"name":"wp","href":"https:\/\/api.w.org\/{rel}","templated":true}]}}