{"id":39697,"date":"2023-06-28T11:31:35","date_gmt":"2023-06-28T14:31:35","guid":{"rendered":"https:\/\/canela.rs.gov.br\/siteantigo\/?post_type=noticia&#038;p=39697"},"modified":"2023-06-28T11:31:35","modified_gmt":"2023-06-28T14:31:35","slug":"executivo-entrega-projeto-para-ampliacao-da-sede-do-ssmc","status":"publish","type":"noticia","link":"https:\/\/canela.rs.gov.br\/siteantigo\/noticia\/executivo-entrega-projeto-para-ampliacao-da-sede-do-ssmc\/","title":{"rendered":"Executivo entrega projeto para amplia\u00e7\u00e3o da sede do SSMC"},"content":{"rendered":"<p><span style=\"font-size: medium\">A Administra\u00e7\u00e3o Municipal de Canela, representada pelo ent\u00e3o prefeito em exerc\u00edcio Jefferson de Oliveira e pelo secret\u00e1rio de Governan\u00e7a, Jonas Bohn Bernado, esteve na sede do Sindicato dos Servidores Municipais de Canela (SSMC), na semana passada, para uma reuni\u00e3o com a presidente da entidade, Carini M\u00fcller Pereira. Na ocasi\u00e3o, o Poder Executivo apresentou o projeto para amplia\u00e7\u00e3o da estrutura da sede do sindicato, que inclui a constru\u00e7\u00e3o de um novo complexo com sal\u00e3o de festas e eventos com capacidade para at\u00e9 50 pessoas, um playground e quadra poliesportiva com vesti\u00e1rios. A demanda partiu do pr\u00f3prio SSMC e o projeto foi desenvolvido pelo arquiteto Jo\u00e3o Bazacas, que integra a equipe da Central de Projetos e Planejamento da Prefeitura de Canela. <\/span><\/p>\n<p><span style=\"font-size: medium\">A presidente do sindicato, Carini M\u00fcller Pereira, destaca que a proposta \u00e9 oferecer aos associados um espa\u00e7o menor do que aquele j\u00e1 existente, seja para receber eventos familiares, confraterniza\u00e7\u00f5es ou reuni\u00f5es de equipes e departamentos da Prefeitura. \u201cTeremos uma estrutura completa em um espa\u00e7o intimista, com mais op\u00e7\u00f5es e servi\u00e7os dispon\u00edveis aos s\u00f3cios\u201d, projeta Carini, destacando que a inten\u00e7\u00e3o \u00e9 iniciar a obra no 1\u00ba semestre de 2024 e que a constru\u00e7\u00e3o ser\u00e1 executada com recursos pr\u00f3prios do SSMC. \u201cAgora vamos dar in\u00edcio a todos os tr\u00e2mites burocr\u00e1ticos necess\u00e1rios\u201d, informa a presidente. <\/span><\/p>\n<p><span style=\"font-size: medium\"><b>ESTRUTURA COMPLETA<\/b> <\/span><\/p>\n<p><span style=\"font-size: medium\">O arquiteto Jo\u00e3o Bazacas ressalta que ao todo o novo sal\u00e3o de festas ter\u00e1 150m\u00b2 de edifica\u00e7\u00e3o constru\u00edda, incluindo os vesti\u00e1rios da quadra poliesportiva, al\u00e9m de espa\u00e7o com cozinha gourmet e churrasqueira. J\u00e1 a quadra de esportes ter\u00e1 432m\u00b2. \u201c\u00c9 um orgulho e uma honra poder contribuir com o sindicato e com a categoria dos servidores municipais, que literalmente carregam a nossa cidade oferecendo os mais diversos e importantes servi\u00e7os \u00e0 popula\u00e7\u00e3o\u201d, comentou o ent\u00e3o prefeito em exerc\u00edcio, Jefferson de Oliveira. <\/span><\/p>\n<p><img fetchpriority=\"high\" decoding=\"async\" class=\"alignnone size-full wp-image-39699\" src=\"https:\/\/canela.rs.gov.br\/siteantigo\/wp-content\/uploads\/2023\/06\/Obra-Sindicato-2-scaled.jpeg\" alt=\"\" width=\"2560\" height=\"1440\" srcset=\"https:\/\/canela.rs.gov.br\/siteantigo\/wp-content\/uploads\/2023\/06\/Obra-Sindicato-2-scaled.jpeg 2560w, https:\/\/canela.rs.gov.br\/siteantigo\/wp-content\/uploads\/2023\/06\/Obra-Sindicato-2-300x169.jpeg 300w, https:\/\/canela.rs.gov.br\/siteantigo\/wp-content\/uploads\/2023\/06\/Obra-Sindicato-2-1024x576.jpeg 1024w, https:\/\/canela.rs.gov.br\/siteantigo\/wp-content\/uploads\/2023\/06\/Obra-Sindicato-2-768x432.jpeg 768w, https:\/\/canela.rs.gov.br\/siteantigo\/wp-content\/uploads\/2023\/06\/Obra-Sindicato-2-1536x864.jpeg 1536w, https:\/\/canela.rs.gov.br\/siteantigo\/wp-content\/uploads\/2023\/06\/Obra-Sindicato-2-2048x1152.jpeg 2048w\" sizes=\"(max-width: 2560px) 100vw, 2560px\" \/> <img decoding=\"async\" class=\"alignnone size-full wp-image-39700\" src=\"https:\/\/canela.rs.gov.br\/siteantigo\/wp-content\/uploads\/2023\/06\/Obra-Sindicato-3.jpg\" alt=\"\" width=\"1633\" height=\"928\" srcset=\"https:\/\/canela.rs.gov.br\/siteantigo\/wp-content\/uploads\/2023\/06\/Obra-Sindicato-3.jpg 1633w, https:\/\/canela.rs.gov.br\/siteantigo\/wp-content\/uploads\/2023\/06\/Obra-Sindicato-3-300x170.jpg 300w, https:\/\/canela.rs.gov.br\/siteantigo\/wp-content\/uploads\/2023\/06\/Obra-Sindicato-3-1024x582.jpg 1024w, https:\/\/canela.rs.gov.br\/siteantigo\/wp-content\/uploads\/2023\/06\/Obra-Sindicato-3-768x436.jpg 768w, https:\/\/canela.rs.gov.br\/siteantigo\/wp-content\/uploads\/2023\/06\/Obra-Sindicato-3-1536x873.jpg 1536w\" sizes=\"(max-width: 1633px) 100vw, 1633px\" \/> <img decoding=\"async\" class=\"alignnone size-full wp-image-39701\" src=\"https:\/\/canela.rs.gov.br\/siteantigo\/wp-content\/uploads\/2023\/06\/Obra-Sindicato-4.jpg\" alt=\"\" width=\"1633\" height=\"928\" srcset=\"https:\/\/canela.rs.gov.br\/siteantigo\/wp-content\/uploads\/2023\/06\/Obra-Sindicato-4.jpg 1633w, https:\/\/canela.rs.gov.br\/siteantigo\/wp-content\/uploads\/2023\/06\/Obra-Sindicato-4-300x170.jpg 300w, https:\/\/canela.rs.gov.br\/siteantigo\/wp-content\/uploads\/2023\/06\/Obra-Sindicato-4-1024x582.jpg 1024w, https:\/\/canela.rs.gov.br\/siteantigo\/wp-content\/uploads\/2023\/06\/Obra-Sindicato-4-768x436.jpg 768w, https:\/\/canela.rs.gov.br\/siteantigo\/wp-content\/uploads\/2023\/06\/Obra-Sindicato-4-1536x873.jpg 1536w\" sizes=\"(max-width: 1633px) 100vw, 1633px\" \/><\/p>\n","protected":false},"author":2,"featured_media":39698,"parent":0,"template":"","meta":{"_acf_changed":false,"footnotes":"","_members_access_role":[],"_members_access_error":""},"categories":[18],"assunto":[],"class_list":["post-39697","noticia","type-noticia","status-publish","has-post-thumbnail","hentry","category-governanca"],"acf":[],"_links":{"self":[{"href":"https:\/\/canela.rs.gov.br\/siteantigo\/wp-json\/wp\/v2\/noticia\/39697","targetHints":{"allow":["GET"]}}],"collection":[{"href":"https:\/\/canela.rs.gov.br\/siteantigo\/wp-json\/wp\/v2\/noticia"}],"about":[{"href":"https:\/\/canela.rs.gov.br\/siteantigo\/wp-json\/wp\/v2\/types\/noticia"}],"author":[{"embeddable":true,"href":"https:\/\/canela.rs.gov.br\/siteantigo\/wp-json\/wp\/v2\/users\/2"}],"version-history":[{"count":1,"href":"https:\/\/canela.rs.gov.br\/siteantigo\/wp-json\/wp\/v2\/noticia\/39697\/revisions"}],"predecessor-version":[{"id":39702,"href":"https:\/\/canela.rs.gov.br\/siteantigo\/wp-json\/wp\/v2\/noticia\/39697\/revisions\/39702"}],"wp:featuredmedia":[{"embeddable":true,"href":"https:\/\/canela.rs.gov.br\/siteantigo\/wp-json\/wp\/v2\/media\/39698"}],"wp:attachment":[{"href":"https:\/\/canela.rs.gov.br\/siteantigo\/wp-json\/wp\/v2\/media?parent=39697"}],"wp:term":[{"taxonomy":"category","embeddable":true,"href":"https:\/\/canela.rs.gov.br\/siteantigo\/wp-json\/wp\/v2\/categories?post=39697"},{"taxonomy":"assunto","embeddable":true,"href":"https:\/\/canela.rs.gov.br\/siteantigo\/wp-json\/wp\/v2\/assunto?post=39697"}],"curies":[{"name":"wp","href":"https:\/\/api.w.org\/{rel}","templated":true}]}}