{"id":16755,"date":"2019-01-16T08:23:38","date_gmt":"2019-01-16T10:23:38","guid":{"rendered":"https:\/\/canela.rs.gov.br\/siteantigo\/?p=16755"},"modified":"2020-11-12T20:23:28","modified_gmt":"2020-11-12T23:23:28","slug":"estacao-campos-de-canella-sera-inaugurado-dia-30-de-janeiro","status":"publish","type":"noticia","link":"https:\/\/canela.rs.gov.br\/siteantigo\/noticia\/estacao-campos-de-canella-sera-inaugurado-dia-30-de-janeiro\/","title":{"rendered":"Esta\u00e7\u00e3o Campos de Canella ser\u00e1 inaugurado dia 30 de janeiro"},"content":{"rendered":"\n<p>A inaugura\u00e7\u00e3o da Esta\u00e7\u00e3o Campos de Canella vai acontecer dia 30 de janeiro de 2019, com <strong>abertura das opera\u00e7\u00f5es no dia 31 de janeiro<\/strong>. A data foi confirmada pela Incorporadora Novalternativa, respons\u00e1vel pelo empreendimento. <\/p>\n\n\n\n<p>O evento deve reunir comunidade e \nautoridades da cidade e do Estado. Al\u00e9m da cerim\u00f4nia oficial de \ninaugura\u00e7\u00e3o para convidados, um grande <strong>espet\u00e1culo, <\/strong>criado exclusivamente pela <strong>D\u2019arte Multiarte, <\/strong>de\n Canela, promete emocionar com m\u00fasica e performances art\u00edsticas, que \nmesclam a hist\u00f3ria da cidade e seu desenvolvimento a partir da chegada \nda linha f\u00e9rrea. <\/p>\n\n\n\n<p>O complexo, uma parceria p\u00fablico-privada, desenvolvido pela<strong> Incorporadora Novalternativa <\/strong>e que ganhou a <strong>parceria e expertise do Mundo a Vapor<\/strong> em todas as quest\u00f5es referentes a trens e trilhos, transformou a antiga Esta\u00e7\u00e3o F\u00e9rrea de Canela em um <strong>novo paradouro para comunidade e turistas, com opera\u00e7\u00f5es de gastronomia e entretenimento<\/strong>. <\/p>\n\n\n\n<p>Foto: Cleiton Thiele<\/p>\n","protected":false},"author":2,"featured_media":16756,"parent":0,"template":"","meta":{"_acf_changed":false,"footnotes":""},"categories":[34],"assunto":[],"class_list":["post-16755","noticia","type-noticia","status-publish","has-post-thumbnail","hentry","category-turismo"],"acf":[],"_links":{"self":[{"href":"https:\/\/canela.rs.gov.br\/siteantigo\/wp-json\/wp\/v2\/noticia\/16755","targetHints":{"allow":["GET"]}}],"collection":[{"href":"https:\/\/canela.rs.gov.br\/siteantigo\/wp-json\/wp\/v2\/noticia"}],"about":[{"href":"https:\/\/canela.rs.gov.br\/siteantigo\/wp-json\/wp\/v2\/types\/noticia"}],"author":[{"embeddable":true,"href":"https:\/\/canela.rs.gov.br\/siteantigo\/wp-json\/wp\/v2\/users\/2"}],"version-history":[{"count":1,"href":"https:\/\/canela.rs.gov.br\/siteantigo\/wp-json\/wp\/v2\/noticia\/16755\/revisions"}],"predecessor-version":[{"id":27810,"href":"https:\/\/canela.rs.gov.br\/siteantigo\/wp-json\/wp\/v2\/noticia\/16755\/revisions\/27810"}],"wp:featuredmedia":[{"embeddable":true,"href":"https:\/\/canela.rs.gov.br\/siteantigo\/wp-json\/wp\/v2\/media\/16756"}],"wp:attachment":[{"href":"https:\/\/canela.rs.gov.br\/siteantigo\/wp-json\/wp\/v2\/media?parent=16755"}],"wp:term":[{"taxonomy":"category","embeddable":true,"href":"https:\/\/canela.rs.gov.br\/siteantigo\/wp-json\/wp\/v2\/categories?post=16755"},{"taxonomy":"assunto","embeddable":true,"href":"https:\/\/canela.rs.gov.br\/siteantigo\/wp-json\/wp\/v2\/assunto?post=16755"}],"curies":[{"name":"wp","href":"https:\/\/api.w.org\/{rel}","templated":true}]}}