{"id":16746,"date":"2019-01-16T08:19:49","date_gmt":"2019-01-16T10:19:49","guid":{"rendered":"https:\/\/canela.rs.gov.br\/siteantigo\/?p=16746"},"modified":"2020-11-12T20:23:28","modified_gmt":"2020-11-12T23:23:28","slug":"ctg-querencia-de-canela-comemora-sucesso-do-rodeio","status":"publish","type":"noticia","link":"https:\/\/canela.rs.gov.br\/siteantigo\/noticia\/ctg-querencia-de-canela-comemora-sucesso-do-rodeio\/","title":{"rendered":"CTG Quer\u00eancia de Canela comemora sucesso do Rodeio"},"content":{"rendered":"\n<p><em>O 35\u00ba Rodeio Crioulo de Canela encerrou no \u00faltimo domingo, com sucesso.<\/em><\/p>\n\n\n\n<p>Foram  5 dias de muito tiro de la\u00e7o, gineteadas, provas art\u00edsticas, fandangos e  integra\u00e7\u00e3o, numa verdadeira e aut\u00eantica festa ga\u00facha.<\/p>\n\n\n\n<p>Todas  as provas do Rodeio Crioulo Nacional de Canela, foram bastante disputadas, sendo que maioria dos vencedores \u00e9  do Rio Grande do Sul, mas Santa Catarina, que contou com muitos  representantes, tamb\u00e9m levou alguns trof\u00e9us.<\/p>\n\n\n\n<p>Na\n tarde de domingo, antes da final da Gineteada foi prestada homenagem a \nRider Camargo, que veio do Uruguai e aquerenciou-se em Canela, sendo \ncaseiro do Parque de Rodeios por alguns anos e que faleceu em 2018. A \npartir deste ano a prova, no Rodeio de Canela, passa a chamar-se \nGineteadas Rider Camargo.<\/p>\n\n\n\n<p>Segundo\n o patr\u00e3o Gilnei do Nascimento, \u201crealizar o Rodeio de Canela n\u00e3o \u00e9 \ntarefa f\u00e1cil, mas com uma equipe bem preparada e disposta a resolver os \nprobleminhas, que sempre ocorrem em um evento deste porte, o sucesso \u00e9 \ngarantido. O apoio imprescind\u00edvel da Prefeitura, da Brigada Militar e da\n iniciativa privada, tamb\u00e9m fizeram toda a diferen\u00e7a.\u201d<\/p>\n\n\n\n<p>A trig\u00e9sima sexta edi\u00e7\u00e3o do evento ser\u00e1 de 8 a 12 de janeiro de 2020.<\/p>\n\n\n\n<p>Fonte: Estrat\u00e9gia Comunica\u00e7\u00e3o<\/p>\n\n\n\n<figure class=\"wp-block-image\"><img fetchpriority=\"high\" decoding=\"async\" width=\"1024\" height=\"685\" src=\"https:\/\/canela.rs.gov.br\/siteantigo\/wp-content\/uploads\/2019\/01\/vencedores-for\u00e7a-A-1024x685.jpg\" alt=\"\" class=\"wp-image-16748\" srcset=\"https:\/\/canela.rs.gov.br\/siteantigo\/wp-content\/uploads\/2019\/01\/vencedores-for\u00e7a-A-1024x685.jpg 1024w, https:\/\/canela.rs.gov.br\/siteantigo\/wp-content\/uploads\/2019\/01\/vencedores-for\u00e7a-A-300x201.jpg 300w, https:\/\/canela.rs.gov.br\/siteantigo\/wp-content\/uploads\/2019\/01\/vencedores-for\u00e7a-A-768x514.jpg 768w, https:\/\/canela.rs.gov.br\/siteantigo\/wp-content\/uploads\/2019\/01\/vencedores-for\u00e7a-A.jpg 1772w\" sizes=\"(max-width: 1024px) 100vw, 1024px\" \/><\/figure>\n\n\n\n<figure class=\"wp-block-image\"><img decoding=\"async\" width=\"768\" height=\"1024\" src=\"https:\/\/canela.rs.gov.br\/siteantigo\/wp-content\/uploads\/2019\/01\/campe\u00f5es-da-gineteada-768x1024.jpg\" alt=\"\" class=\"wp-image-16747\" srcset=\"https:\/\/canela.rs.gov.br\/siteantigo\/wp-content\/uploads\/2019\/01\/campe\u00f5es-da-gineteada-768x1024.jpg 768w, https:\/\/canela.rs.gov.br\/siteantigo\/wp-content\/uploads\/2019\/01\/campe\u00f5es-da-gineteada-225x300.jpg 225w\" sizes=\"(max-width: 768px) 100vw, 768px\" \/><\/figure>\n\n\n\n<figure class=\"wp-block-image\"><img decoding=\"async\" width=\"1024\" height=\"683\" src=\"https:\/\/canela.rs.gov.br\/siteantigo\/wp-content\/uploads\/2019\/01\/IMG_1425-1024x683.jpg\" alt=\"\" class=\"wp-image-16749\" srcset=\"https:\/\/canela.rs.gov.br\/siteantigo\/wp-content\/uploads\/2019\/01\/IMG_1425-1024x683.jpg 1024w, https:\/\/canela.rs.gov.br\/siteantigo\/wp-content\/uploads\/2019\/01\/IMG_1425-300x200.jpg 300w, https:\/\/canela.rs.gov.br\/siteantigo\/wp-content\/uploads\/2019\/01\/IMG_1425-768x512.jpg 768w\" sizes=\"(max-width: 1024px) 100vw, 1024px\" \/><\/figure>\n\n\n\n<figure class=\"wp-block-image\"><img loading=\"lazy\" decoding=\"async\" width=\"1024\" height=\"683\" src=\"https:\/\/canela.rs.gov.br\/siteantigo\/wp-content\/uploads\/2019\/01\/IMG_1492-1024x683.jpg\" alt=\"\" class=\"wp-image-16752\" srcset=\"https:\/\/canela.rs.gov.br\/siteantigo\/wp-content\/uploads\/2019\/01\/IMG_1492-1024x683.jpg 1024w, https:\/\/canela.rs.gov.br\/siteantigo\/wp-content\/uploads\/2019\/01\/IMG_1492-300x200.jpg 300w, https:\/\/canela.rs.gov.br\/siteantigo\/wp-content\/uploads\/2019\/01\/IMG_1492-768x512.jpg 768w, https:\/\/canela.rs.gov.br\/siteantigo\/wp-content\/uploads\/2019\/01\/IMG_1492-1536x1024.jpg 1536w, https:\/\/canela.rs.gov.br\/siteantigo\/wp-content\/uploads\/2019\/01\/IMG_1492-2048x1365.jpg 2048w\" sizes=\"(max-width: 1024px) 100vw, 1024px\" \/><\/figure>\n\n\n\n<p>Fotos: Diego Santos\/Estrategiacom, Eduardo Idalino e Rita Souza<\/p>\n","protected":false},"author":2,"featured_media":16753,"parent":0,"template":"","meta":{"_acf_changed":false,"footnotes":""},"categories":[18,32,34],"assunto":[],"class_list":["post-16746","noticia","type-noticia","status-publish","has-post-thumbnail","hentry","category-governanca","category-obras","category-turismo"],"acf":[],"_links":{"self":[{"href":"https:\/\/canela.rs.gov.br\/siteantigo\/wp-json\/wp\/v2\/noticia\/16746","targetHints":{"allow":["GET"]}}],"collection":[{"href":"https:\/\/canela.rs.gov.br\/siteantigo\/wp-json\/wp\/v2\/noticia"}],"about":[{"href":"https:\/\/canela.rs.gov.br\/siteantigo\/wp-json\/wp\/v2\/types\/noticia"}],"author":[{"embeddable":true,"href":"https:\/\/canela.rs.gov.br\/siteantigo\/wp-json\/wp\/v2\/users\/2"}],"version-history":[{"count":1,"href":"https:\/\/canela.rs.gov.br\/siteantigo\/wp-json\/wp\/v2\/noticia\/16746\/revisions"}],"predecessor-version":[{"id":27811,"href":"https:\/\/canela.rs.gov.br\/siteantigo\/wp-json\/wp\/v2\/noticia\/16746\/revisions\/27811"}],"wp:featuredmedia":[{"embeddable":true,"href":"https:\/\/canela.rs.gov.br\/siteantigo\/wp-json\/wp\/v2\/media\/16753"}],"wp:attachment":[{"href":"https:\/\/canela.rs.gov.br\/siteantigo\/wp-json\/wp\/v2\/media?parent=16746"}],"wp:term":[{"taxonomy":"category","embeddable":true,"href":"https:\/\/canela.rs.gov.br\/siteantigo\/wp-json\/wp\/v2\/categories?post=16746"},{"taxonomy":"assunto","embeddable":true,"href":"https:\/\/canela.rs.gov.br\/siteantigo\/wp-json\/wp\/v2\/assunto?post=16746"}],"curies":[{"name":"wp","href":"https:\/\/api.w.org\/{rel}","templated":true}]}}