{"id":15796,"date":"2018-11-06T09:08:45","date_gmt":"2018-11-06T11:08:45","guid":{"rendered":"https:\/\/canela.rs.gov.br\/siteantigo\/?p=15796"},"modified":"2020-11-12T20:23:32","modified_gmt":"2020-11-12T23:23:32","slug":"badminton-e-minivolei-foram-disputados-na-olimpec","status":"publish","type":"noticia","link":"https:\/\/canela.rs.gov.br\/siteantigo\/noticia\/badminton-e-minivolei-foram-disputados-na-olimpec\/","title":{"rendered":"Badminton e Miniv\u00f4lei foram disputados na Olimpec"},"content":{"rendered":"<p>Fotos: Divulga\u00e7\u00e3o<\/p>\n<p>A Olimp\u00edada Estudantil de Canela promovido pela Secretaria de Educa\u00e7\u00e3o, Esporte e Lazer realizou dias 29 e 31 de outubro disputas de Badminton e a primeira fase da do Miniv\u00f4lei e V\u00f4lei. As atividades aconteceram no Centro de Feiras.<\/p>\n<p>O Badminton ainda \u00e9 um esporte pouco difundido e pouco praticado no Brasil. Para quem n\u00e3o conhece, trata-se do famoso jogo de &#8220;peteca&#8221;, disputado com uma raquete especial, diferente da usada no t\u00eanis, por exemplo, exigindo reflexo r\u00e1pido dos jogadores. Na Olimpec foi disputado nas categorias mirim, infantil e juvenil, contando com as modalidades de dupla masculina, dupla feminina duplas mistas, individual feminino e individual masculino, onde cada escola poderia inscrever duas equipes em cada modalidade.<\/p>\n<p>O professor Eduardo Mundstock, coordenador do Departamento de Desporto Escolar da Secretaria de Educa\u00e7\u00e3o conta que o Badminton foi introduzido nas escolas de Canela em uma iniciativa dos professores Andr\u00e9 Toledo (ent\u00e3o coordenador do desporto escolar) e da professora Fernanda Andrade (arbitra da confedera\u00e7\u00e3o Brasileira de Badminton), que trouxeram, atrav\u00e9s da Secretaria da Educa\u00e7\u00e3o Esporte e Lazer de Canela, o curso \u201cShuttle Time\u201d. Desde 2017, a administra\u00e7\u00e3o proporciona treinamento na modalidade no turno inverso para alunos de algumas escolas municipais.<\/p>\n<p>J\u00e1 o Miniv\u00f4lei \u00e9 um jogo que visa desenvolver os fundamentos t\u00e9cnicos do voleibol atrav\u00e9s de jogos. Por isso trata-se de uma importante ferramenta para o aprendizado do voleibol em ambiente escolar. Na Olimpec foi disputado pela categoria pr\u00e9-mirim (crian\u00e7as nascidas em 2007 e 2008) nas modalidades masculina e feminina, onde cada escola poderia inscrever duas equipes.<\/p>\n<p>No total participaram 180 estudantes no Badminton e 115 no Miniv\u00f4lei.<\/p>\n<p>Eduardo agradece a todos os professores e o Departamento de Cultura pela ced\u00eancia do espa\u00e7o no Centro de Feiras.<\/p>\n<p><span style=\"font-family: Arial, sans-serif\"><span style=\"font-size: medium\"><b>OS CAMPE\u00d5ES DO <span style=\"color: #000000\">BADMINTON <\/span><\/b><\/span><\/span><\/p>\n<p><span style=\"font-family: Arial, sans-serif\"><span style=\"font-size: medium\"><b>Categoria Mirim<\/b><\/span><\/span><\/p>\n<p><span style=\"font-family: Arial, sans-serif\"><span style=\"font-size: medium\"><b>Dupla Mista<\/b><\/span><\/span><\/p>\n<p><span style=\"font-family: Arial, sans-serif\"><span style=\"font-size: medium\">Campe\u00e3o: Ernesto Dorneles<\/span><\/span><\/p>\n<p><span style=\"font-family: Arial, sans-serif\"><span style=\"font-size: medium\">Segundo Lugar: Dante Bertoluci<\/span><\/span><\/p>\n<p><span style=\"font-family: Arial, sans-serif\"><span style=\"font-size: medium\">Terceiro Lugar: Coopec 2<\/span><\/span><\/p>\n<p><span style=\"font-family: Arial, sans-serif\"><span style=\"font-size: medium\"><b>Dupla Masculina: <\/b><\/span><\/span><\/p>\n<p><span style=\"font-family: Arial, sans-serif\"><span style=\"font-size: medium\">Campe\u00e3o: Coopec 1<\/span><\/span><\/p>\n<p><span style=\"font-family: Arial, sans-serif\"><span style=\"font-size: medium\">Segundo Lugar: Jo\u00e3o Alfredo 1<\/span><\/span><\/p>\n<p><span style=\"font-family: Arial, sans-serif\"><span style=\"font-size: medium\">Terceiro Lugar: Severino Travi 2<\/span><\/span><\/p>\n<p><span style=\"font-family: Arial, sans-serif\"><span style=\"font-size: medium\"><b>Dupla Feminina:<\/b><\/span><\/span><\/p>\n<p><span style=\"font-family: Arial, sans-serif\"><span style=\"font-size: medium\">Campe\u00e3o: Coopec 2<\/span><\/span><\/p>\n<p><span style=\"font-family: Arial, sans-serif\"><span style=\"font-size: medium\">Segundo Lugar: Coopec 1<\/span><\/span><\/p>\n<p><span style=\"font-family: Arial, sans-serif\"><span style=\"font-size: medium\">Terceiro Lugar: Jo\u00e3o Alfredo 1<\/span><\/span><\/p>\n<p><span style=\"font-family: Arial, sans-serif\"><span style=\"font-size: medium\"><b>Individual Feminino:<\/b><\/span><\/span><\/p>\n<p><span style=\"font-family: Arial, sans-serif\"><span style=\"font-size: medium\">Campe\u00e3o: Coopec 2<\/span><\/span><\/p>\n<p><span style=\"font-family: Arial, sans-serif\"><span style=\"font-size: medium\">Segundo Lugar: Coopec 1<\/span><\/span><\/p>\n<p><span style=\"font-family: Arial, sans-serif\"><span style=\"font-size: medium\">Terceiro Lugar: Jo\u00e3o Alfredo<\/span><\/span><\/p>\n<p><span style=\"font-family: Arial, sans-serif\"><span style=\"font-size: medium\"><b>Individual Masculino:<\/b><\/span><\/span><\/p>\n<p><span style=\"font-family: Arial, sans-serif\"><span style=\"font-size: medium\">Campe\u00e3o: Severino Travi1<\/span><\/span><\/p>\n<p><span style=\"font-family: Arial, sans-serif\"><span style=\"font-size: medium\">Segundo Lugar: Dante Bertoluci 2<\/span><\/span><\/p>\n<p><span style=\"font-family: Arial, sans-serif\"><span style=\"font-size: medium\">Terceiro Lugar: Coopec 2<\/span><\/span><\/p>\n<p><span style=\"font-family: Arial, sans-serif\"><span style=\"font-size: medium\"><b>Categoria Infantil:<\/b><\/span><\/span><\/p>\n<p><span style=\"font-family: Arial, sans-serif\"><span style=\"font-size: medium\"><b>Dupla Mista<\/b><\/span><\/span><\/p>\n<p><span style=\"font-family: Arial, sans-serif\"><span style=\"font-size: medium\">Campe\u00e3o: Severino 1<\/span><\/span><\/p>\n<p><span style=\"font-family: Arial, sans-serif\"><span style=\"font-size: medium\">Segundo: Coopec 2 <\/span><\/span><\/p>\n<p><span style=\"font-family: Arial, sans-serif\"><span style=\"font-size: medium\">Terceiro Lugar: Severino 2<\/span><\/span><\/p>\n<p><span style=\"font-family: Arial, sans-serif\"><span style=\"font-size: medium\"><b>Dupla Masculina: <\/b><\/span><\/span><\/p>\n<p><span style=\"font-family: Arial, sans-serif\"><span style=\"font-size: medium\">Campe\u00e3o: Dante Bertoluci<\/span><\/span><\/p>\n<p><span style=\"font-family: Arial, sans-serif\"><span style=\"font-size: medium\">Segundo Lugar: Severino Travi 1<\/span><\/span><\/p>\n<p><span style=\"font-family: Arial, sans-serif\"><span style=\"font-size: medium\">Terceiro Lugar: Jo\u00e3o Alfredo 1<\/span><\/span><\/p>\n<p><span style=\"font-family: Arial, sans-serif\"><span style=\"font-size: medium\"><b>Dupla Feminina:<\/b><\/span><\/span><\/p>\n<p><span style=\"font-family: Arial, sans-serif\"><span style=\"font-size: medium\">Campe\u00e3o: Severino Travi 1<\/span><\/span><\/p>\n<p><span style=\"font-family: Arial, sans-serif\"><span style=\"font-size: medium\">Segundo Lugar: Coopec 2<\/span><\/span><\/p>\n<p><span style=\"font-family: Arial, sans-serif\"><span style=\"font-size: medium\">Terceiro Lugar: Danton Corr\u00eaa<\/span><\/span><\/p>\n<p><span style=\"font-family: Arial, sans-serif\"><span style=\"font-size: medium\"><b>Individual Feminino:<\/b><\/span><\/span><\/p>\n<p><span style=\"font-family: Arial, sans-serif\"><span style=\"font-size: medium\">Campe\u00e3o: Severino 1<\/span><\/span><\/p>\n<p><span style=\"font-family: Arial, sans-serif\"><span style=\"font-size: medium\">Segundo Lugar: Coopec 1<\/span><\/span><\/p>\n<p><span style=\"font-family: Arial, sans-serif\"><span style=\"font-size: medium\">Terceiro Lugar: Danton Corr\u00eaa 2<\/span><\/span><\/p>\n<p><span style=\"font-family: Arial, sans-serif\"><span style=\"font-size: medium\"><b>Individual Masculino:<\/b><\/span><\/span><\/p>\n<p><span style=\"font-family: Arial, sans-serif\"><span style=\"font-size: medium\">Campe\u00e3o: Coopec 1<\/span><\/span><\/p>\n<p><span style=\"font-family: Arial, sans-serif\"><span style=\"font-size: medium\">Segundo Lugar: Dante Bertoluci<\/span><\/span><\/p>\n<p><span style=\"font-family: Arial, sans-serif\"><span style=\"font-size: medium\">Terceiro Lugar: Coopec 2<\/span><\/span><\/p>\n<p><span style=\"font-family: Arial, sans-serif\"><span style=\"font-size: medium\"><b>Categoria Juvenil<\/b><\/span><\/span><\/p>\n<p><span style=\"font-family: Arial, sans-serif\"><span style=\"font-size: medium\"><b>Dupla Mista<\/b><\/span><\/span><\/p>\n<p><span style=\"font-family: Arial, sans-serif\"><span style=\"font-size: medium\">Campe\u00e3o: Coopec 2<\/span><\/span><\/p>\n<p><span style=\"font-family: Arial, sans-serif\"><span style=\"font-size: medium\">Segundo Lugar: Coopec 1<\/span><\/span><\/p>\n<p><span style=\"font-family: Arial, sans-serif\"><span style=\"font-size: medium\">Terceiro Lugar: Danton Corr\u00eaa<\/span><\/span><\/p>\n<p><span style=\"font-family: Arial, sans-serif\"><span style=\"font-size: medium\"><b>Dupla Masculina: <\/b><\/span><\/span><\/p>\n<p><span style=\"font-family: Arial, sans-serif\"><span style=\"font-size: medium\">Campe\u00e3o: Coopec 2<\/span><\/span><\/p>\n<p><span style=\"font-family: Arial, sans-serif\"><span style=\"font-size: medium\">Segundo Lugar: Coopec 1<\/span><\/span><\/p>\n<p><span style=\"font-family: Arial, sans-serif\"><span style=\"font-size: medium\">Terceiro Lugar: Danton Corr\u00eaa<\/span><\/span><\/p>\n<p><span style=\"font-family: Arial, sans-serif\"><span style=\"font-size: medium\"><b>Dupla Feminina:<\/b><\/span><\/span><\/p>\n<p><span style=\"font-family: Arial, sans-serif\"><span style=\"font-size: medium\">Campe\u00e3o: Coopec 2<\/span><\/span><\/p>\n<p><span style=\"font-family: Arial, sans-serif\"><span style=\"font-size: medium\">Segundo Lugar: Marista<\/span><\/span><\/p>\n<p><span style=\"font-family: Arial, sans-serif\"><span style=\"font-size: medium\">Terceiro Lugar: Coopec 1<\/span><\/span><\/p>\n<p><span style=\"font-family: Arial, sans-serif\"><span style=\"font-size: medium\"><b>Individual Feminino:<\/b><\/span><\/span><\/p>\n<p><span style=\"font-family: Arial, sans-serif\"><span style=\"font-size: medium\">Campe\u00e3o: Coopec 2<\/span><\/span><\/p>\n<p><span style=\"font-family: Arial, sans-serif\"><span style=\"font-size: medium\">Segundo Lugar: Danton Corr\u00eaa<\/span><\/span><\/p>\n<p><span style=\"font-family: Arial, sans-serif\"><span style=\"font-size: medium\">Terceiro Lugar: Coopec 1<\/span><\/span><\/p>\n<p><span style=\"font-family: Arial, sans-serif\"><span style=\"font-size: medium\"><b>Individual Masculino:<\/b><\/span><\/span><\/p>\n<p><span style=\"font-family: Arial, sans-serif\"><span style=\"font-size: medium\">Campe\u00e3o: Coopec 1<\/span><\/span><\/p>\n<p><span style=\"font-family: Arial, sans-serif\"><span style=\"font-size: medium\">Segundo Lugar: Coopec 2<\/span><\/span><\/p>\n<p><span style=\"font-family: Arial, sans-serif\"><span style=\"font-size: medium\">Terceiro Lugar: Neusa Mari Pacheco.<\/span><\/span><\/p>\n<p><span style=\"font-family: Arial, sans-serif\"><span style=\"font-size: medium\"><b>MINIV\u00d4LEI<\/b><\/span><\/span><\/p>\n<p><span style=\"font-family: Arial, sans-serif\"><span style=\"font-size: medium\">As escolas classificadas para as finais do miniv\u00f4lei, que ser\u00e3o realizadas no dia 14 de novembro no Gin\u00e1sio do Col\u00e9gio Marista.<\/span><\/span><\/p>\n<p><span style=\"font-family: Arial, sans-serif\"><span style=\"font-size: medium\"><b>Feminino:<\/b><\/span><\/span><\/p>\n<p><span style=\"font-family: Arial, sans-serif\"><span style=\"font-size: medium\">Jo\u00e3o Alfredo 1 X Jo\u00e3o Alfredo 2<\/span><\/span><\/p>\n<p><span style=\"font-family: Arial, sans-serif\"><span style=\"font-size: medium\">Severino 1 X Coopec 1<\/span><\/span><\/p>\n<p><span style=\"font-family: Arial, sans-serif\"><span style=\"font-size: medium\">Neusa Mari X Dante 1<\/span><\/span><\/p>\n<p><span style=\"font-family: Arial, sans-serif\"><span style=\"font-size: medium\">Dante 2 X Marista 2 <\/span><\/span><\/p>\n<p><span style=\"font-family: Arial, sans-serif\"><span style=\"font-size: medium\"><b>Masculino:<\/b><\/span><\/span><\/p>\n<p><span style=\"font-family: Arial, sans-serif\"><span style=\"font-size: medium\">Severino 1 X Coopec 2<\/span><\/span><\/p>\n<p><span style=\"font-family: Arial, sans-serif\"><span style=\"font-size: medium\">Neusa Mari 2 X Dante 1<\/span><\/span><\/p>\n<p><span style=\"font-family: Arial, sans-serif\"><span style=\"font-size: medium\">Neusa Mari 1 X Marista 2<\/span><\/span><\/p>\n<p><span style=\"font-family: Arial, sans-serif\"><span style=\"font-size: medium\">Severino 2 X Marista 1<\/span><\/span><\/p>\n<p>&nbsp;<\/p>\n<p><img fetchpriority=\"high\" decoding=\"async\" class=\"alignnone size-full wp-image-15798\" src=\"https:\/\/canela.rs.gov.br\/siteantigo\/wp-content\/uploads\/2018\/11\/p\u00f3dioJuvenil.png\" alt=\"\" width=\"1040\" height=\"584\" srcset=\"https:\/\/canela.rs.gov.br\/siteantigo\/wp-content\/uploads\/2018\/11\/p\u00f3dioJuvenil.png 1040w, https:\/\/canela.rs.gov.br\/siteantigo\/wp-content\/uploads\/2018\/11\/p\u00f3dioJuvenil-300x168.png 300w, https:\/\/canela.rs.gov.br\/siteantigo\/wp-content\/uploads\/2018\/11\/p\u00f3dioJuvenil-768x431.png 768w, https:\/\/canela.rs.gov.br\/siteantigo\/wp-content\/uploads\/2018\/11\/p\u00f3dioJuvenil-1024x575.png 1024w\" sizes=\"(max-width: 1040px) 100vw, 1040px\" \/> <img decoding=\"async\" class=\"alignnone size-full wp-image-15797\" src=\"https:\/\/canela.rs.gov.br\/siteantigo\/wp-content\/uploads\/2018\/11\/podio-infantil.png\" alt=\"\" width=\"1040\" height=\"584\" srcset=\"https:\/\/canela.rs.gov.br\/siteantigo\/wp-content\/uploads\/2018\/11\/podio-infantil.png 1040w, https:\/\/canela.rs.gov.br\/siteantigo\/wp-content\/uploads\/2018\/11\/podio-infantil-300x168.png 300w, https:\/\/canela.rs.gov.br\/siteantigo\/wp-content\/uploads\/2018\/11\/podio-infantil-1024x575.png 1024w, https:\/\/canela.rs.gov.br\/siteantigo\/wp-content\/uploads\/2018\/11\/podio-infantil-768x431.png 768w\" sizes=\"(max-width: 1040px) 100vw, 1040px\" \/> <img decoding=\"async\" class=\"alignnone size-full wp-image-15799\" src=\"https:\/\/canela.rs.gov.br\/siteantigo\/wp-content\/uploads\/2018\/11\/p\u00f3diomirim.png\" alt=\"\" width=\"1040\" height=\"584\" srcset=\"https:\/\/canela.rs.gov.br\/siteantigo\/wp-content\/uploads\/2018\/11\/p\u00f3diomirim.png 1040w, https:\/\/canela.rs.gov.br\/siteantigo\/wp-content\/uploads\/2018\/11\/p\u00f3diomirim-300x168.png 300w, https:\/\/canela.rs.gov.br\/siteantigo\/wp-content\/uploads\/2018\/11\/p\u00f3diomirim-768x431.png 768w, https:\/\/canela.rs.gov.br\/siteantigo\/wp-content\/uploads\/2018\/11\/p\u00f3diomirim-1024x575.png 1024w\" sizes=\"(max-width: 1040px) 100vw, 1040px\" \/><\/p>\n","protected":false},"author":2,"featured_media":15800,"parent":0,"template":"","meta":{"_acf_changed":false,"footnotes":"","_members_access_role":[],"_members_access_error":""},"categories":[23,24,25],"assunto":[],"class_list":["post-15796","noticia","type-noticia","status-publish","has-post-thumbnail","hentry","category-educacao","category-esporte","category-lazer"],"acf":[],"_links":{"self":[{"href":"https:\/\/canela.rs.gov.br\/siteantigo\/wp-json\/wp\/v2\/noticia\/15796","targetHints":{"allow":["GET"]}}],"collection":[{"href":"https:\/\/canela.rs.gov.br\/siteantigo\/wp-json\/wp\/v2\/noticia"}],"about":[{"href":"https:\/\/canela.rs.gov.br\/siteantigo\/wp-json\/wp\/v2\/types\/noticia"}],"author":[{"embeddable":true,"href":"https:\/\/canela.rs.gov.br\/siteantigo\/wp-json\/wp\/v2\/users\/2"}],"version-history":[{"count":1,"href":"https:\/\/canela.rs.gov.br\/siteantigo\/wp-json\/wp\/v2\/noticia\/15796\/revisions"}],"predecessor-version":[{"id":27873,"href":"https:\/\/canela.rs.gov.br\/siteantigo\/wp-json\/wp\/v2\/noticia\/15796\/revisions\/27873"}],"wp:featuredmedia":[{"embeddable":true,"href":"https:\/\/canela.rs.gov.br\/siteantigo\/wp-json\/wp\/v2\/media\/15800"}],"wp:attachment":[{"href":"https:\/\/canela.rs.gov.br\/siteantigo\/wp-json\/wp\/v2\/media?parent=15796"}],"wp:term":[{"taxonomy":"category","embeddable":true,"href":"https:\/\/canela.rs.gov.br\/siteantigo\/wp-json\/wp\/v2\/categories?post=15796"},{"taxonomy":"assunto","embeddable":true,"href":"https:\/\/canela.rs.gov.br\/siteantigo\/wp-json\/wp\/v2\/assunto?post=15796"}],"curies":[{"name":"wp","href":"https:\/\/api.w.org\/{rel}","templated":true}]}}