{"id":14663,"date":"2018-09-10T16:03:28","date_gmt":"2018-09-10T19:03:28","guid":{"rendered":"https:\/\/canela.rs.gov.br\/siteantigo\/?p=14663"},"modified":"2020-11-12T20:23:37","modified_gmt":"2020-11-12T23:23:37","slug":"chama-chega-ao-saiqui-marcando-o-inicio-da-ronda-crioula-da-semana-farroupilha","status":"publish","type":"noticia","link":"https:\/\/canela.rs.gov.br\/siteantigo\/noticia\/chama-chega-ao-saiqui-marcando-o-inicio-da-ronda-crioula-da-semana-farroupilha\/","title":{"rendered":"Chama chega ao Saiqui marcando o in\u00edcio da Ronda Crioula da Semana Farroupilha"},"content":{"rendered":"<p>No encerramento do Desfile C\u00edvico de 7 de Setembro, na \u00faltima sexta-feira (7), o prefeito Constantino Orsolin retirou uma centelha da Chama da P\u00e1tria e entregou ao patr\u00e3o do CTG Quer\u00eancia, Gilnei Nascimento, dando origem \u00e0 Chama Crioula da Semana Farroupilha de Canela. Na sequ\u00eancia um grupo de cavalarianos realizou o translado do s\u00edmbolo at\u00e9 o Parque de Rodeios do Saiqui, onde a guardi\u00e3 da chama em 2018, Erilene Foga\u00e7a, juntamente com o patr\u00e3o Gilnei Nascimento, deram in\u00edcio a Roda Crioula.<\/p>\n<p>Os festejos farroupilhas tiveram continuidade \u00e0 noite, com um grande fandango que foi embalado pelo Grupo Rodeio. Ao longo do final de semana (s\u00e1bado e domingo\/dias 8 e 9) o CTG Quer\u00eancia tamb\u00e9m promoveu provas campeiras no Parque de Rodeios, mobilizando tradicionalistas de Canela e outros munic\u00edpios da regi\u00e3o. J\u00e1 a solenidade de abertura do evento est\u00e1 marcada para a pr\u00f3xima quinta-feira (13), a partir das 20h, na sede campestre do Saiqui. Entre as atra\u00e7\u00f5es da noite est\u00e3o apresenta\u00e7\u00f5es com o Coral Bocalis, de invernadas do CTG Quer\u00eancia e o show Cl\u00e1ssicos do Rio Grande, com Bruno Rauber e Em\u00edlio Foga\u00e7a.<\/p>\n<p><img fetchpriority=\"high\" decoding=\"async\" class=\"alignnone size-full wp-image-14665\" src=\"https:\/\/canela.rs.gov.br\/siteantigo\/wp-content\/uploads\/2018\/09\/In\u00edcio-Ronda-Crioula-Foto-Divulga\u00e7\u00e3o.jpg\" alt=\"\" width=\"1040\" height=\"780\" srcset=\"https:\/\/canela.rs.gov.br\/siteantigo\/wp-content\/uploads\/2018\/09\/In\u00edcio-Ronda-Crioula-Foto-Divulga\u00e7\u00e3o.jpg 1040w, https:\/\/canela.rs.gov.br\/siteantigo\/wp-content\/uploads\/2018\/09\/In\u00edcio-Ronda-Crioula-Foto-Divulga\u00e7\u00e3o-300x225.jpg 300w, https:\/\/canela.rs.gov.br\/siteantigo\/wp-content\/uploads\/2018\/09\/In\u00edcio-Ronda-Crioula-Foto-Divulga\u00e7\u00e3o-768x576.jpg 768w, https:\/\/canela.rs.gov.br\/siteantigo\/wp-content\/uploads\/2018\/09\/In\u00edcio-Ronda-Crioula-Foto-Divulga\u00e7\u00e3o-1024x768.jpg 1024w\" sizes=\"(max-width: 1040px) 100vw, 1040px\" \/><\/p>\n<p>DIVULGA\u00c7\u00c3O DO EVENTO<\/p>\n<p>Nesta segunda-feira (10) o curador da Semana Farroupilha de Canela, M\u00e1rcio Cavalli, acompanhado pela 1\u00aa Prenda Mirim da 27\u00aa Regi\u00e3o Tradicionalista (RT), Maria Eduarda Nunes e pelo 1\u00ba Pi\u00e1 Farroupilha da 27\u00aa RT, Jo\u00e3o Luiz Kerschner, estiveram no Vale dos Sinos e na Capital ga\u00facha para divulgar o evento em \u00f3rg\u00e3os p\u00fablicos e ve\u00edculos de comunica\u00e7\u00e3o. \u201cEstamos tendo uma receptividade muito boa e a programa\u00e7\u00e3o cultural est\u00e1 sendo bastante elogiada\u201d, revelou M\u00e1rcio Cavalli. O secret\u00e1rio de Cultura, Turismo, Esporte e Lazer do Estado, Victor Hugo, recebeu a comitiva canelense e o convite para prestigiar o evento.<\/p>\n<p><img decoding=\"async\" class=\"alignnone size-full wp-image-14666\" src=\"https:\/\/canela.rs.gov.br\/siteantigo\/wp-content\/uploads\/2018\/09\/Divulga\u00e7\u00e3o-Semana-Farroupilha-Sec-Victor-Hugo-Foto-Divulga\u00e7\u00e3o.jpg\" alt=\"\" width=\"1280\" height=\"720\" srcset=\"https:\/\/canela.rs.gov.br\/siteantigo\/wp-content\/uploads\/2018\/09\/Divulga\u00e7\u00e3o-Semana-Farroupilha-Sec-Victor-Hugo-Foto-Divulga\u00e7\u00e3o.jpg 1280w, https:\/\/canela.rs.gov.br\/siteantigo\/wp-content\/uploads\/2018\/09\/Divulga\u00e7\u00e3o-Semana-Farroupilha-Sec-Victor-Hugo-Foto-Divulga\u00e7\u00e3o-300x169.jpg 300w, https:\/\/canela.rs.gov.br\/siteantigo\/wp-content\/uploads\/2018\/09\/Divulga\u00e7\u00e3o-Semana-Farroupilha-Sec-Victor-Hugo-Foto-Divulga\u00e7\u00e3o-768x432.jpg 768w, https:\/\/canela.rs.gov.br\/siteantigo\/wp-content\/uploads\/2018\/09\/Divulga\u00e7\u00e3o-Semana-Farroupilha-Sec-Victor-Hugo-Foto-Divulga\u00e7\u00e3o-1024x576.jpg 1024w\" sizes=\"(max-width: 1280px) 100vw, 1280px\" \/><\/p>\n<p>&nbsp;<\/p>\n<p>PROGRAMA\u00c7\u00c3O DA SEMANA FARROUPILHA<\/p>\n<p>&nbsp;<\/p>\n<p><a name=\"OBJ_PREFIX_DWT601_com_zimbra_date\"><\/a><a name=\"OBJ_PREFIX_DWT602_com_zimbra_date\"><\/a>13 de setembro \u2013 quinta-feira<\/p>\n<p>10h \u2013 Palestra: Da divulga\u00e7\u00e3o dos h\u00e1bitos do ga\u00facho ao tradicionalismo organizado, com M\u00e1rcio Cavalli, na Escola Municipal Santa Terezinha.<\/p>\n<p>14h \u2013 Oficina de n\u00f3s de len\u00e7o, com pi\u00e1 Jo\u00e3o Luiz Kerschner, guri Luiz Fernando Kerschner e pe\u00e3o farroupilha da 27\u00aa RT, J\u00falio C\u00e9sar de Oliveira, na Escola Ernesto Dornelles.<\/p>\n<p>15h30 \u2013 Oficina Encilhando o Pingo, com M\u00e1rcia Cardoso, na Escola Municipal Santa Terezinha.<\/p>\n<p>20h \u2013 Solenidade de abertura da Semana Farroupilha, na sede campestre do Parque de Rodeios do Saiqui. Atra\u00e7\u00f5es: Coral Bocalis, invernadas do CTG Quer\u00eancia e show Cl\u00e1ssicos do Rio Grande, com Bruno Rauber e Em\u00edlio Foga\u00e7a.<\/p>\n<p>&nbsp;<\/p>\n<p><a name=\"OBJ_PREFIX_DWT603_com_zimbra_date\"><\/a><a name=\"OBJ_PREFIX_DWT604_com_zimbra_date\"><\/a> 14 de setembro \u2013 sexta-feira<\/p>\n<p>10h15 \u2013 Palestra: Da divulga\u00e7\u00e3o dos h\u00e1bitos do ga\u00facho ao tradicionalismo organizado, com M\u00e1rcio Cavalli, na Escola Municipal Ernesto Dornelles<\/p>\n<p>14h \u2013 Oficina de chimarr\u00e3o, com pi\u00e1 Jo\u00e3o Luiz Kerschner, guri Luiz Fernando Kerschner e pe\u00e3o farroupilha da 27\u00aa RT, J\u00falio C\u00e9sar de Oliveira, na Escola Municipal Severino Travi.<\/p>\n<p>19h \u2013 Ensaio aberto das invernadas do CTG Quer\u00eancia, na sede campestre do Parque de Rodeios do Saiqui.<\/p>\n<p>21h \u2013 Fandango com o Grupo Garfo &amp; Bombacha, na sede campestre do Parque de Rodeios do Saiqui.<\/p>\n<p>&nbsp;<\/p>\n<p><a name=\"OBJ_PREFIX_DWT605_com_zimbra_date\"><\/a><a name=\"OBJ_PREFIX_DWT606_com_zimbra_date\"><\/a> 15 de setembro \u2013 s\u00e1bado<\/p>\n<p>15h \u2013 Apresenta\u00e7\u00e3o de invernada art\u00edstica do CTG Quer\u00eancia, em frente \u00e0 Catedral de Pedra. (Em caso de chuva, ser\u00e1 cancelada.)<\/p>\n<p>19h \u2013 Apresenta\u00e7\u00e3o de invernadas art\u00edsticas do CTG Quer\u00eancia, na sede campestre do Parque de Rodeios do Saiqui.<\/p>\n<p>21h \u2013 Apresenta\u00e7\u00e3o com o grupo Sonido del Alma Gaucha, na sede campestre do Parque de Rodeios do Saiqui.<\/p>\n<p>22h30 \u2013 Fandango com o grupo Marcas do Pampa. Ingressos a R$ 15, com venda na hora.*<\/p>\n<p>&nbsp;<\/p>\n<p><a name=\"OBJ_PREFIX_DWT607_com_zimbra_date\"><\/a><a name=\"OBJ_PREFIX_DWT608_com_zimbra_date\"><\/a>16 de setembro \u2013 domingo<\/p>\n<p>14h \u00e0s 18h \u2013 Fandango da Melhor Idade, com o Grupo Marcas do Pampa. Ingressos a R$ 10, com venda na hora.*<\/p>\n<p>15h \u2013 Apresenta\u00e7\u00e3o de invernadas art\u00edsticas do CTG Quer\u00eancia, em frente \u00e0 Catedral de Pedra. (Em caso de chuva, ser\u00e1 cancelada.)<\/p>\n<p>19h \u2013 Apresenta\u00e7\u00e3o de invernadas art\u00edsticas do CTG Quer\u00eancia, na sede campestre do Parque de Rodeios do Saiqui.<\/p>\n<p>20h \u2013 Fandango com Volnei Gomes e Grupo Cantando o Rio Grande, na sede campestre do Parque de Rodeios do Saiqui.<\/p>\n<p>&nbsp;<\/p>\n<p><a name=\"OBJ_PREFIX_DWT609_com_zimbra_date\"><\/a><a name=\"OBJ_PREFIX_DWT610_com_zimbra_date\"><\/a> 17 de setembro \u2013 segunda-feira<\/p>\n<p>10h30 \u2013 Oficina de iguaria campeira, com F\u00e1bio Hanel, na Escola Municipal Dante Bertoluci.<\/p>\n<p>14h \u00e0s 16h30 \u2013 Encontro de Invernadas dos DTGs das escolas infantis, na sede social do CTG Quer\u00eancia.<\/p>\n<p>14h30 \u2013 Oficina Brinquedos e Brincadeiras de Antigamente, com as prendas da 27\u00aa RT, Maria Eduarda Nunes e Ana Carolina de Oliveira, na Escola Municipal Dante Bertoluci<\/p>\n<p>19h30 \u2013 I F\u00f3rum sobre a Cultura Ga\u00facha, no audit\u00f3rio da UCS Hort\u00eansias. Palestra sobre o tema Tropeirismo, com Luiz Ant\u00f4nio Alves e Sandra Maria Schmith Alves. Em seguida, lan\u00e7amento do livro dos palestrantes: Cidades Tropeiras \u2013 Regi\u00e3o Sul do Brasil. Cada exemplar ser\u00e1 vendido a R$ 20, com renda revertida ao Hospital de Caridade<\/p>\n<p>&nbsp;<\/p>\n<p>18 de setembro \u2013 ter\u00e7a-feira<\/p>\n<p>8h30 \u00e0s 11h e das 13h30 \u00e0s 16h30 \u2013 Torneio de Vaca-Parada da Olimpec (Arena Polaco Feij\u00f3). Coordena\u00e7\u00e3o: Secretaria Municipal de Educa\u00e7\u00e3o, Esporte e Lazer<\/p>\n<p>9h30 \u2013 Oficina Encilhando o Pingo, com M\u00e1rcia Cardoso, na Escola Infantil Sylvio Hoffmann<\/p>\n<p>10h30 \u2013 Oficina de iguaria campeira, com F\u00e1bio Hanel, na Escola Municipal Bar\u00e3o do Rio Branco<\/p>\n<p>14h30 \u2013 Brinquedos e Brincadeiras de Antigamente \u2013 prendas da 27\u00aa RT, Maria Eduarda Nunes e Ana Carolina de Oliveira<\/p>\n<p>19h \u2013 Noite das Invernadas dos DTGs e do CTG Quer\u00eancia, na sede social do CTG Quer\u00eancia<\/p>\n<p>&nbsp;<\/p>\n<p>19 de setembro \u2013 quarta-feira<\/p>\n<p>8h30 \u00e0s 11h e das 13h30 \u00e0s 16h30 \u2013 Torneio de Vaca-Parada da Olimpec (Arena Polaco Feij\u00f3). Coordena\u00e7\u00e3o: Secretaria Municipal de Educa\u00e7\u00e3o, Esporte e Lazer<\/p>\n<p>14h \u2013 Cinema Ga\u00facho: o cantor-ator no contexto do cinema ga\u00facho, com M\u00e1rcio Cavalli, na Escola Estadual Neusa Mari Pacheco<\/p>\n<p>20h \u2013 Show Cl\u00e1ssicos do Rio Grande, com Bruno Rauber e Emilio Foga\u00e7a, no Parque de Rodeios do Saiqui.<\/p>\n<p>21h \u2013 Fandango com o Grupo Quer\u00eancia, no Parque de Rodeios do Saiqui.<\/p>\n<p>&nbsp;<\/p>\n<p>20 de setembro \u2013 quinta-feira<\/p>\n<p>Desfile Farroupilha, com sa\u00edda dos participantes \u00e0s 14 horas, do Parque de Rodeios do Saiqui, em dire\u00e7\u00e3o \u00e0 pra\u00e7a Jo\u00e3o Corr\u00eaa. Previs\u00e3o de chegada: 16 horas. Em caso de chuva, ser\u00e1 cancelado.<\/p>\n<p>20h \u2013 Fandango com Os Mirins e solenidade de encerramento da Semana Farroupilha de Canela, no Parque de Rodeios do Saiqui.<\/p>\n<p>* PROGRAMA\u00c7\u00c3O PARALELA E PAGA, DE RESPONSABILIDADE DO CTG QUER\u00caNCIA.<\/p>\n<p>&#8211; NO PARQUE DE RODEIOS DO SAIQUI HAVER\u00c1 COPA COM IGUARIAS CAMPEIRAS, LANCHES E BEBIDAS, AL\u00c9M DE ESTANDE DE CHIMARR\u00c3O A CARGO DA ERVA-MATE XIMANGO.<\/p>\n","protected":false},"author":2,"featured_media":14664,"parent":0,"template":"","meta":{"_acf_changed":false,"footnotes":""},"categories":[35,25,34],"assunto":[],"class_list":["post-14663","noticia","type-noticia","status-publish","has-post-thumbnail","hentry","category-cultura","category-lazer","category-turismo"],"acf":[],"_links":{"self":[{"href":"https:\/\/canela.rs.gov.br\/siteantigo\/wp-json\/wp\/v2\/noticia\/14663","targetHints":{"allow":["GET"]}}],"collection":[{"href":"https:\/\/canela.rs.gov.br\/siteantigo\/wp-json\/wp\/v2\/noticia"}],"about":[{"href":"https:\/\/canela.rs.gov.br\/siteantigo\/wp-json\/wp\/v2\/types\/noticia"}],"author":[{"embeddable":true,"href":"https:\/\/canela.rs.gov.br\/siteantigo\/wp-json\/wp\/v2\/users\/2"}],"version-history":[{"count":1,"href":"https:\/\/canela.rs.gov.br\/siteantigo\/wp-json\/wp\/v2\/noticia\/14663\/revisions"}],"predecessor-version":[{"id":27920,"href":"https:\/\/canela.rs.gov.br\/siteantigo\/wp-json\/wp\/v2\/noticia\/14663\/revisions\/27920"}],"wp:featuredmedia":[{"embeddable":true,"href":"https:\/\/canela.rs.gov.br\/siteantigo\/wp-json\/wp\/v2\/media\/14664"}],"wp:attachment":[{"href":"https:\/\/canela.rs.gov.br\/siteantigo\/wp-json\/wp\/v2\/media?parent=14663"}],"wp:term":[{"taxonomy":"category","embeddable":true,"href":"https:\/\/canela.rs.gov.br\/siteantigo\/wp-json\/wp\/v2\/categories?post=14663"},{"taxonomy":"assunto","embeddable":true,"href":"https:\/\/canela.rs.gov.br\/siteantigo\/wp-json\/wp\/v2\/assunto?post=14663"}],"curies":[{"name":"wp","href":"https:\/\/api.w.org\/{rel}","templated":true}]}}